{"id":60373,"date":"2023-09-28T17:00:59","date_gmt":"2023-09-28T22:00:59","guid":{"rendered":"http:\/\/www.zonaroja.com.mx\/?p=60373"},"modified":"2023-09-28T17:01:02","modified_gmt":"2023-09-28T22:01:02","slug":"emboscan-y-asesinan-a-tres-personas-en-la-mixteca-de-oaxaca","status":"publish","type":"post","link":"https:\/\/zonaroja.com.mx\/?p=60373","title":{"rendered":"Emboscan y asesinan a tres personas en la Mixteca de Oaxaca"},"content":{"rendered":"\n<p>Ismael Garc\u00eda M.\/Zona Roja.<\/p>\n\n\n\n<p>Oaxaca de Ju\u00e1rez, Oax., a 28 de septiembre de 2023.- Tres personas fueron asesinadas a balazos tras una emboscada en una comunidad de la regi\u00f3n Mixteca de Oaxaca.<\/p>\n\n\n\n<p>El triple homicidio ocurri\u00f3 la ma\u00f1ana de este jueves en jurisdicci\u00f3n del municipio de Santos Reyes Yucun\u00e1, cuando sujetos armados atacaron a ocupantes de un taxi del sitio \u201cEmiliano Zapata\u201d de Huajuapan de Le\u00f3n, con destino a San Gabriel Coxcaltepec.<\/p>\n\n\n\n<p>Dos v\u00edctimas murieron en el acto cuando retiraban un ret\u00e9n improvisado en el camino y fueron atacados a balazos; otro muri\u00f3 m\u00e1s tarde en un hospital de Huajuapan; las v\u00edctimas a\u00fan no han sido identificadas.<\/p>\n\n\n\n<p>Por otra parte, ayer por la tarde fue asesinado un individuo en la calle Porfirio D\u00edaz del municipio de San Pablo Huixtepec, en la regi\u00f3n Valles Centrales. La v\u00edctima presenta varios impactos de arma de fuego y fue reconocido como Francisco \u201cN\u201d, de 37 a\u00f1os de edad.<\/p>\n\n\n\n<p>Mientras que en un paraje de San Mateo Yucutindoo, municipio de la regi\u00f3n Sierra Sur del estado, fue localizado sin vida un individuo identificado como \u00c1ngel \u201cN\u201d, quien presenta varios disparos en el cuerpo.<\/p>\n\n\n\n<p>En los casos hasta el momento no hay personas detenidas y la Fiscal\u00eda General del Estado de Oaxaca inici\u00f3 con las indagatorias correspondientes para dar con los responsables de los cr\u00edmenes.<\/p>\n","protected":false},"excerpt":{"rendered":"<p>Ismael Garc\u00eda M.\/Zona Roja. Oaxaca de Ju\u00e1rez, Oax., a 28 de septiembre de 2023.- Tres&hellip;<\/p>\n","protected":false},"author":2,"featured_media":55667,"comment_status":"closed","ping_status":"open","sticky":false,"template":"","format":"standard","meta":{"_lmt_disableupdate":"","_lmt_disable":"","_jetpack_memberships_contains_paid_content":false,"footnotes":""},"categories":[109,51],"tags":[142],"class_list":["post-60373","post","type-post","status-publish","format-standard","has-post-thumbnail","hentry","category-minuto-a-minuto","category-zona-roja","tag-santos-reyes-yucuna"],"jetpack_featured_media_url":"https:\/\/zonaroja.com.mx\/wp-content\/uploads\/2023\/05\/Escena-del-crimen-violencia.jpg","jetpack_sharing_enabled":true,"_links":{"self":[{"href":"https:\/\/zonaroja.com.mx\/index.php?rest_route=\/wp\/v2\/posts\/60373","targetHints":{"allow":["GET"]}}],"collection":[{"href":"https:\/\/zonaroja.com.mx\/index.php?rest_route=\/wp\/v2\/posts"}],"about":[{"href":"https:\/\/zonaroja.com.mx\/index.php?rest_route=\/wp\/v2\/types\/post"}],"author":[{"embeddable":true,"href":"https:\/\/zonaroja.com.mx\/index.php?rest_route=\/wp\/v2\/users\/2"}],"replies":[{"embeddable":true,"href":"https:\/\/zonaroja.com.mx\/index.php?rest_route=%2Fwp%2Fv2%2Fcomments&post=60373"}],"version-history":[{"count":1,"href":"https:\/\/zonaroja.com.mx\/index.php?rest_route=\/wp\/v2\/posts\/60373\/revisions"}],"predecessor-version":[{"id":60374,"href":"https:\/\/zonaroja.com.mx\/index.php?rest_route=\/wp\/v2\/posts\/60373\/revisions\/60374"}],"wp:featuredmedia":[{"embeddable":true,"href":"https:\/\/zonaroja.com.mx\/index.php?rest_route=\/wp\/v2\/media\/55667"}],"wp:attachment":[{"href":"https:\/\/zonaroja.com.mx\/index.php?rest_route=%2Fwp%2Fv2%2Fmedia&parent=60373"}],"wp:term":[{"taxonomy":"category","embeddable":true,"href":"https:\/\/zonaroja.com.mx\/index.php?rest_route=%2Fwp%2Fv2%2Fcategories&post=60373"},{"taxonomy":"post_tag","embeddable":true,"href":"https:\/\/zonaroja.com.mx\/index.php?rest_route=%2Fwp%2Fv2%2Ftags&post=60373"}],"curies":[{"name":"wp","href":"https:\/\/api.w.org\/{rel}","templated":true}]}}