{"id":60375,"date":"2023-09-28T19:01:00","date_gmt":"2023-09-29T00:01:00","guid":{"rendered":"http:\/\/www.zonaroja.com.mx\/?p=60375"},"modified":"2023-09-28T17:11:49","modified_gmt":"2023-09-28T22:11:49","slug":"estudiantes-del-cobao-representan-a-mexico-en-feria-de-ciencias-en-brasil","status":"publish","type":"post","link":"https:\/\/zonaroja.com.mx\/?p=60375","title":{"rendered":"Estudiantes del Cobao representan a M\u00e9xico en feria de ciencias en Brasil"},"content":{"rendered":"\n<p>Redacci\u00f3n\/Territorio Score.<\/p>\n\n\n\n<p>Oaxaca de Ju\u00e1rez, Oax., a 28 de septiembre de 2023.- Las estudiantes oaxaque\u00f1as Sara Edith Villag\u00f3mez Garc\u00eda y Mar\u00eda de la Paz Rivera Carrasco, asesoradas por la docente M\u00f3nica Iliana Sol\u00eds Garc\u00eda, son el \u00fanico equipo mexicano que participa en \u201cFeria de Ciencias Fenandante 2023\u201d celebrada Sao Paulo, Brasil, como una forma de ampliar el espacio y el est\u00edmulo para j\u00f3venes investigadores.<\/p>\n\n\n\n<p>Son estudiantes de quinto semestre en el Colegio de Bachilleres del Estado de Oaxaca (Cobao) en el plantel 16 Estaci\u00f3n Vicente, Acatl\u00e1n, y alcanzaron su pase internacional al obtener el primer lugar en el \u00e1rea de Ciencias Naturales de la Copa Science de M\u00e9xico Temporada 2022, efectuada en Tehuac\u00e1n.<\/p>\n\n\n\n<p>El proyecto con el que participan las j\u00f3venes oaxaque\u00f1as tiene por nombre \u00abTlali Nantli\u201d, consiste en la obtenci\u00f3n de lixiviado y abono org\u00e1nico, por medio de la lombriz roja de California.<\/p>\n\n\n\n<p>Destacan en su presentaci\u00f3n que la agricultura en M\u00e9xico tiene dos problemas centrales que se deben resolver de manera diferenciada, espec\u00edficamente en su comunidad, donde la actividad principal es la siembra y cosecha de la ca\u00f1a.<\/p>\n\n\n\n<p>Muestran por un lado, los altos costos de producci\u00f3n y de los fertilizantes, que posicionan a la agricultura como actividad econ\u00f3mica cuya rentabilidad ha ido disminuyendo al paso de los a\u00f1os, adem\u00e1s del enorme deterioro de los suelos.<\/p>\n\n\n\n<p>Indicaron que aproximadamente el 93% de los suelos cultivables presentan una p\u00e9rdida considerable de su fertilidad y a este factor se agrega la p\u00e9rdida f\u00edsica de suelo, por arrastre pluvial y por viento.<\/p>\n\n\n\n<p>Explicaron que la incorporaci\u00f3n de productos qu\u00edmicos en los \u00faltimos 30 a\u00f1os ha deteriorado la biota original de los suelos, por lo que a los productores les ha sido necesario incrementar la cantidad de minerales y elementos qu\u00edmicos que han provocado la desmineralizaci\u00f3n paulatina de los suelos, volvi\u00e9ndolos inf\u00e9rtiles.<\/p>\n\n\n\n<p>De ah\u00ed nace la importancia \u00abTlali Nantli\u201d, su proyecto, donde con el lixiviado humus de lombriz logran hacer un cambio radical en la fertilidad de los suelos ca\u00f1eros de su regi\u00f3n.<\/p>\n\n\n\n<p>La 5ta Feria de las Ciencias Fenadante 2023 comenz\u00f3 el 25 de septiembre y culmina el pr\u00f3ximo tres de octubre, participan 138 proyectos que provienen de instituciones educativas en 18 estados brasile\u00f1os y de otros seis pa\u00edses.<\/p>\n\n\n\n<p>Cabe destacar el apoyo en esta participaci\u00f3n internacional de las j\u00f3venes oaxaque\u00f1as de la Direcci\u00f3n General del Cobao, de la presidencia municipal de Acatl\u00e1n de P\u00e9rez Figueroa y de la Direcci\u00f3n del Plantel 16 Estaci\u00f3n Vicente, adem\u00e1s de los padres de Sara Edith Villag\u00f3mez Garc\u00eda y Mar\u00eda de la Paz Rivera Carrasco.<\/p>\n","protected":false},"excerpt":{"rendered":"<p>Redacci\u00f3n\/Territorio Score. Oaxaca de Ju\u00e1rez, Oax., a 28 de septiembre de 2023.- Las estudiantes oaxaque\u00f1as&hellip;<\/p>\n","protected":false},"author":2,"featured_media":60376,"comment_status":"closed","ping_status":"open","sticky":false,"template":"","format":"standard","meta":{"_lmt_disableupdate":"","_lmt_disable":"","_jetpack_memberships_contains_paid_content":false,"footnotes":""},"categories":[109,46],"tags":[2883],"class_list":["post-60375","post","type-post","status-publish","format-standard","has-post-thumbnail","hentry","category-minuto-a-minuto","category-zona-blanca","tag-colegio-de-bachilleres-de-oaxaca-cobao"],"jetpack_featured_media_url":"https:\/\/zonaroja.com.mx\/wp-content\/uploads\/2023\/09\/FENADANTE5.jpg","jetpack_sharing_enabled":true,"_links":{"self":[{"href":"https:\/\/zonaroja.com.mx\/index.php?rest_route=\/wp\/v2\/posts\/60375","targetHints":{"allow":["GET"]}}],"collection":[{"href":"https:\/\/zonaroja.com.mx\/index.php?rest_route=\/wp\/v2\/posts"}],"about":[{"href":"https:\/\/zonaroja.com.mx\/index.php?rest_route=\/wp\/v2\/types\/post"}],"author":[{"embeddable":true,"href":"https:\/\/zonaroja.com.mx\/index.php?rest_route=\/wp\/v2\/users\/2"}],"replies":[{"embeddable":true,"href":"https:\/\/zonaroja.com.mx\/index.php?rest_route=%2Fwp%2Fv2%2Fcomments&post=60375"}],"version-history":[{"count":1,"href":"https:\/\/zonaroja.com.mx\/index.php?rest_route=\/wp\/v2\/posts\/60375\/revisions"}],"predecessor-version":[{"id":60377,"href":"https:\/\/zonaroja.com.mx\/index.php?rest_route=\/wp\/v2\/posts\/60375\/revisions\/60377"}],"wp:featuredmedia":[{"embeddable":true,"href":"https:\/\/zonaroja.com.mx\/index.php?rest_route=\/wp\/v2\/media\/60376"}],"wp:attachment":[{"href":"https:\/\/zonaroja.com.mx\/index.php?rest_route=%2Fwp%2Fv2%2Fmedia&parent=60375"}],"wp:term":[{"taxonomy":"category","embeddable":true,"href":"https:\/\/zonaroja.com.mx\/index.php?rest_route=%2Fwp%2Fv2%2Fcategories&post=60375"},{"taxonomy":"post_tag","embeddable":true,"href":"https:\/\/zonaroja.com.mx\/index.php?rest_route=%2Fwp%2Fv2%2Ftags&post=60375"}],"curies":[{"name":"wp","href":"https:\/\/api.w.org\/{rel}","templated":true}]}}