{"id":60378,"date":"2023-09-28T19:50:00","date_gmt":"2023-09-29T00:50:00","guid":{"rendered":"http:\/\/www.zonaroja.com.mx\/?p=60378"},"modified":"2023-09-28T17:15:36","modified_gmt":"2023-09-28T22:15:36","slug":"visitan-estudiantes-universitarios-la-sede-del-poder-judicial","status":"publish","type":"post","link":"https:\/\/zonaroja.com.mx\/?p=60378","title":{"rendered":"Visitan estudiantes universitarios la sede del Poder Judicial\u00a0"},"content":{"rendered":"\n<p>Redacci\u00f3n\/Zona Roja.<\/p>\n\n\n\n<p>Oaxaca de Ju\u00e1rez, Oax., a 28 de septiembre de 2023.- El Poder Judicial del Estado recibi\u00f3 en sus instalaciones a grupos de estudiantes de la Licenciatura en Derecho de la Universidad Mesoamericana Oaxaca y del Instituto de Ciencias Jur\u00eddicas (ICJO), que realizaron&nbsp;recorridos&nbsp;por el inmueble&nbsp;para conocer de cerca el trabajo y funciones&nbsp;a cargo del Tribunal Superior de Justicia y el Consejo de la Judicatura.&nbsp;<\/p>\n\n\n\n<p>Las y los&nbsp;universitarios fueron&nbsp;atendidos por magistrados de diferentes Salas quienes les compartieron sobre su labor&nbsp;y experiencia en el \u00e1mbito de la administraci\u00f3n de justicia, as\u00ed como aspectos importantes que les ayuden en su formaci\u00f3n acad\u00e9mica.&nbsp;<\/p>\n\n\n\n<p>El presidente de la Sala de&nbsp;la Sala de Justicia Ind\u00edgena y Quinta Sala Penal Colegiada, magistrado&nbsp;Luis Enrique Cordero Aguilar,recibi\u00f3 a las y los alumnos de la Licenciatura&nbsp;en Derecho de Universidad Mesoamericana Oaxaca, con quienes dialog\u00f3&nbsp;acerca de&nbsp;los avances en materia de reconocimiento&nbsp;de los sistemas de justicia ind\u00edgena en el marco de un Estado pluricultural.<\/p>\n\n\n\n<p>Por su parte, el magistrado&nbsp;Alejandro Magno&nbsp;Gonz\u00e1lez&nbsp;Antonio comparti\u00f3 conocimientos con estudiantes del Instituto de Ciencias Jur\u00eddicas de Oaxaca sobre las Salas del Tribunal Superior de Justicia de Oaxaca y el proceso de audiencia de juicio oral.&nbsp;<\/p>\n\n\n\n<p>A trav\u00e9s de estas visitas, las y los j\u00f3venes conocen&nbsp;las funciones y competencias del Poder Judicial, de igual forma reflexionan sobre la importancia de \u00e9ste, para lograr la paz social y gobernabilidad del estado.<\/p>\n","protected":false},"excerpt":{"rendered":"<p>Redacci\u00f3n\/Zona Roja. Oaxaca de Ju\u00e1rez, Oax., a 28 de septiembre de 2023.- El Poder Judicial&hellip;<\/p>\n","protected":false},"author":2,"featured_media":60380,"comment_status":"closed","ping_status":"open","sticky":false,"template":"","format":"standard","meta":{"_lmt_disableupdate":"","_lmt_disable":"","_jetpack_memberships_contains_paid_content":false,"footnotes":""},"categories":[109,46],"tags":[223],"class_list":["post-60378","post","type-post","status-publish","format-standard","has-post-thumbnail","hentry","category-minuto-a-minuto","category-zona-blanca","tag-poder-judicial-de-oaxaca"],"jetpack_featured_media_url":"https:\/\/zonaroja.com.mx\/wp-content\/uploads\/2023\/09\/Las-y-los-estudiantes-fueron-recibidos-por-magistrados.jpg","jetpack_sharing_enabled":true,"_links":{"self":[{"href":"https:\/\/zonaroja.com.mx\/index.php?rest_route=\/wp\/v2\/posts\/60378","targetHints":{"allow":["GET"]}}],"collection":[{"href":"https:\/\/zonaroja.com.mx\/index.php?rest_route=\/wp\/v2\/posts"}],"about":[{"href":"https:\/\/zonaroja.com.mx\/index.php?rest_route=\/wp\/v2\/types\/post"}],"author":[{"embeddable":true,"href":"https:\/\/zonaroja.com.mx\/index.php?rest_route=\/wp\/v2\/users\/2"}],"replies":[{"embeddable":true,"href":"https:\/\/zonaroja.com.mx\/index.php?rest_route=%2Fwp%2Fv2%2Fcomments&post=60378"}],"version-history":[{"count":1,"href":"https:\/\/zonaroja.com.mx\/index.php?rest_route=\/wp\/v2\/posts\/60378\/revisions"}],"predecessor-version":[{"id":60381,"href":"https:\/\/zonaroja.com.mx\/index.php?rest_route=\/wp\/v2\/posts\/60378\/revisions\/60381"}],"wp:featuredmedia":[{"embeddable":true,"href":"https:\/\/zonaroja.com.mx\/index.php?rest_route=\/wp\/v2\/media\/60380"}],"wp:attachment":[{"href":"https:\/\/zonaroja.com.mx\/index.php?rest_route=%2Fwp%2Fv2%2Fmedia&parent=60378"}],"wp:term":[{"taxonomy":"category","embeddable":true,"href":"https:\/\/zonaroja.com.mx\/index.php?rest_route=%2Fwp%2Fv2%2Fcategories&post=60378"},{"taxonomy":"post_tag","embeddable":true,"href":"https:\/\/zonaroja.com.mx\/index.php?rest_route=%2Fwp%2Fv2%2Ftags&post=60378"}],"curies":[{"name":"wp","href":"https:\/\/api.w.org\/{rel}","templated":true}]}}