{"id":60382,"date":"2023-09-28T17:24:59","date_gmt":"2023-09-28T22:24:59","guid":{"rendered":"http:\/\/www.zonaroja.com.mx\/?p=60382"},"modified":"2023-09-28T17:25:04","modified_gmt":"2023-09-28T22:25:04","slug":"edil-de-oaxaca-ordena-atacar-a-balazos-a-sus-opositores","status":"publish","type":"post","link":"https:\/\/zonaroja.com.mx\/?p=60382","title":{"rendered":"Edil de Oaxaca ordena atacar a balazos a sus opositores"},"content":{"rendered":"\n<p>Ismael Garc\u00eda M.\/Zona Roja.<\/p>\n\n\n\n<p>Oaxaca de Ju\u00e1rez, Oax., a 28 de septiembre de 2023.- Un grupo de habitantes de Reforma de Pineda denunci\u00f3 que el presidente municipal Jos\u00e9 M\u00e9ndez Ram\u00edrez, orden\u00f3 atacarlos a balazos, por protestar y denunciar irregularidades en el ayuntamiento.<\/p>\n\n\n\n<p>\u201cFuimos a pedirle al presidente una explicaci\u00f3n y su suegro el se\u00f1or Mariano Carrasco nos recibe a balazos; a mi hija le lastimaron una pierna, por eso estamos inconformes, no lo queremos m\u00e1s\u201d, narr\u00f3 una mujer mediante un video que se difundi\u00f3 en redes sociales.<\/p>\n\n\n\n<p>\u201cSoy parte del pueblo inconforme que estamos en contra de Jos\u00e9 M\u00e9ndez Ram\u00edrez, porque fuimos por una explicaci\u00f3n, que \u00e9l est\u00e1 haciendo las cosas totalmente mal, agredieron a los compa\u00f1eros y nosotros fuimos de conformidad para pedirle una buena explicaci\u00f3n y nuestra sorpresa fue que nos empezaron a tirar balazos\u201d, narr\u00f3 otra femenina.<\/p>\n\n\n\n<p>\u201cEl yerno tambi\u00e9n le dispar\u00f3 a las personas y \u00e9l anda contratando gente que no son de Reforma, son gente de fuera y ya el pueblo est\u00e1 cansado de que \u00e9l (el presidente municipal) se pasea muy tranquilo, muy campante, y le pedimos al gobierno de nuestro estado que ya le d\u00e9 pronta soluci\u00f3n. Ya llevamos seis meses con este problema y nadie quiere voltearnos a ver ni escucharnos\u201d, dijo la mujer.<\/p>\n\n\n\n<p>Los hechos sucedieron ayer en la tarde en ese municipio de la regi\u00f3n del Istmo de Tehuantepec, en que los pobladores en respuesta a la agresi\u00f3n armada, apedrearon el domicilio.<\/p>\n\n\n\n<p>Desde hace medio a\u00f1o persiste un conflicto en esa demarcaci\u00f3n, donde acusan al edil de derrochar el recurso y no realizar ninguna obra p\u00fablica.<\/p>\n\n\n\n<p>Previamente ya hab\u00edan sido agredidos integrantes del Comit\u00e9 de Vigilancia del R\u00edo Ostuta, que han denunciado saqueo de materiales p\u00e9treos.<\/p>\n\n\n\n<p>\u201cLe pedimos al gobierno que solucione este problema, si no lo hacemos responsable al gobierno y al presidente municipal de lo que est\u00e9 pasando en Reforma de Pineda\u201d, exclamaron las mujeres v\u00edctimas de la violencia.<\/p>\n","protected":false},"excerpt":{"rendered":"<p>Ismael Garc\u00eda M.\/Zona Roja. Oaxaca de Ju\u00e1rez, Oax., a 28 de septiembre de 2023.- Un&hellip;<\/p>\n","protected":false},"author":2,"featured_media":60379,"comment_status":"closed","ping_status":"open","sticky":false,"template":"","format":"standard","meta":{"_lmt_disableupdate":"","_lmt_disable":"","_jetpack_memberships_contains_paid_content":false,"footnotes":""},"categories":[109,47],"tags":[1208],"class_list":["post-60382","post","type-post","status-publish","format-standard","has-post-thumbnail","hentry","category-minuto-a-minuto","category-zona-gris","tag-reforma-de-pineda"],"jetpack_featured_media_url":"https:\/\/zonaroja.com.mx\/wp-content\/uploads\/2023\/09\/Agresion-Reforma-de-Pineda.jpg","jetpack_sharing_enabled":true,"_links":{"self":[{"href":"https:\/\/zonaroja.com.mx\/index.php?rest_route=\/wp\/v2\/posts\/60382","targetHints":{"allow":["GET"]}}],"collection":[{"href":"https:\/\/zonaroja.com.mx\/index.php?rest_route=\/wp\/v2\/posts"}],"about":[{"href":"https:\/\/zonaroja.com.mx\/index.php?rest_route=\/wp\/v2\/types\/post"}],"author":[{"embeddable":true,"href":"https:\/\/zonaroja.com.mx\/index.php?rest_route=\/wp\/v2\/users\/2"}],"replies":[{"embeddable":true,"href":"https:\/\/zonaroja.com.mx\/index.php?rest_route=%2Fwp%2Fv2%2Fcomments&post=60382"}],"version-history":[{"count":1,"href":"https:\/\/zonaroja.com.mx\/index.php?rest_route=\/wp\/v2\/posts\/60382\/revisions"}],"predecessor-version":[{"id":60383,"href":"https:\/\/zonaroja.com.mx\/index.php?rest_route=\/wp\/v2\/posts\/60382\/revisions\/60383"}],"wp:featuredmedia":[{"embeddable":true,"href":"https:\/\/zonaroja.com.mx\/index.php?rest_route=\/wp\/v2\/media\/60379"}],"wp:attachment":[{"href":"https:\/\/zonaroja.com.mx\/index.php?rest_route=%2Fwp%2Fv2%2Fmedia&parent=60382"}],"wp:term":[{"taxonomy":"category","embeddable":true,"href":"https:\/\/zonaroja.com.mx\/index.php?rest_route=%2Fwp%2Fv2%2Fcategories&post=60382"},{"taxonomy":"post_tag","embeddable":true,"href":"https:\/\/zonaroja.com.mx\/index.php?rest_route=%2Fwp%2Fv2%2Ftags&post=60382"}],"curies":[{"name":"wp","href":"https:\/\/api.w.org\/{rel}","templated":true}]}}