{"id":60384,"date":"2023-09-29T08:15:20","date_gmt":"2023-09-29T13:15:20","guid":{"rendered":"http:\/\/www.zonaroja.com.mx\/?p=60384"},"modified":"2023-09-29T08:15:22","modified_gmt":"2023-09-29T13:15:22","slug":"grave-dona-maria-lourdes-atacada-en-la-capital-tiene-corte-de-15-cm","status":"publish","type":"post","link":"https:\/\/zonaroja.com.mx\/?p=60384","title":{"rendered":"Grave, do\u00f1a Mar\u00eda Lourdes, atacada en la capital; tiene corte de 15 cm"},"content":{"rendered":"\n<p>Ismael Garc\u00eda M.\/Zona Roja.<\/p>\n\n\n\n<p>Oaxaca de Ju\u00e1rez, Oax., a 29 de septiembre de 2023.- Como Mar\u00eda de Lourdes R. A., de 60 a\u00f1os de edad, fue identificada la mujer atacada anoche a unos metros del Hospital Civil de la ciudad de Oaxaca, tras resistirse a un asalto, y su estado de salud es grave.<\/p>\n\n\n\n<p>En tanto, la Fiscal\u00eda General del Estado de Oaxaca inform\u00f3 v\u00eda redes sociales que despleg\u00f3 de inmediato personal especializado, con un equipo multidisciplinario de la Fiscal\u00eda Especializada en Atenci\u00f3n a Delitos cometidos contra la Mujer por raz\u00f3n de G\u00e9nero, para iniciar las primeras investigaciones del caso.<\/p>\n\n\n\n<p>La agresi\u00f3n ocurri\u00f3 anoche en la esquina de la calle Las Rosas y Fuerza A\u00e9rea Mexicana, a unos pasos del Hospital General \u201cDr. Aurelio Valdivieso\u201d, al parecer por resistirse a que le robaran su tel\u00e9fono celular; el delincuente la agredi\u00f3 con un arma blanca y le cort\u00f3 el cuello.<\/p>\n\n\n\n<p>Personal de la Cruz Roja Mexicana arrib\u00f3 al sitio para atender a la v\u00edctima y trasladarla de inmediato al Hospital Civil; de acuerdo con los primeros reportes, presenta un corte de aproximadamente 15 cent\u00edmetros.<\/p>\n\n\n\n<p>M\u00c1S CR\u00cdMENES<\/p>\n\n\n\n<p>Por otra parte, anoche a las 19:20 horas en un centro botanero de Mengol\u00ed de Morelos, municipio de Miahuatl\u00e1n de Porfirio D\u00edaz, fue asesinado a balazos un individuo, identificado como Marcos B., de 29 a\u00f1os de edad.<\/p>\n\n\n\n<p>Sujetos armados le dispararon en repetidas ocasiones tras lo cual huyeron, sin que hubiera polic\u00edas municipales en la zona para impedirlo; las autoridades ministeriales investigan un probable ajuste de cuentas entre grupos delictivos, entre otras l\u00edneas.<\/p>\n\n\n\n<p>Mientras tanto en el municipio de Mat\u00edas Romero, tambi\u00e9n anoche fue ultimada con disparos de arma de fuego una persona del sexo masculino.<\/p>\n\n\n\n<p>El cuerpo se hall\u00f3 en la calle Hombres Ilustres, cerca del centro de dicha ciudad ferrocarrilera del norte del Istmo de Tehuantepec y hasta el momento no ha sido identificada.<\/p>\n\n\n\n<p>En otro caso, la noche del mi\u00e9rcoles en la colonia H\u00e9roes del 5 de Septiembre del municipio de Juchit\u00e1n de Zaragoza, ocurri\u00f3 un ataque armado en contra de un grupo de j\u00f3venes.<\/p>\n\n\n\n<p>Dos de ellos resultaron lesionados y trasladados a un hospital, pero uno de ellos, identificado como Geovani de Jes\u00fas S. C., de 19 a\u00f1os de edad, falleci\u00f3 cuando recib\u00eda atenci\u00f3n m\u00e9dica; el otro, Jos\u00e9 \u00c1ngel F. H., de 21 a\u00f1os de edad, contin\u00faa en el nosocomio.&nbsp;<\/p>\n","protected":false},"excerpt":{"rendered":"<p>Ismael Garc\u00eda M.\/Zona Roja. Oaxaca de Ju\u00e1rez, Oax., a 29 de septiembre de 2023.- Como&hellip;<\/p>\n","protected":false},"author":2,"featured_media":60385,"comment_status":"closed","ping_status":"open","sticky":false,"template":"","format":"standard","meta":{"_lmt_disableupdate":"","_lmt_disable":"","_jetpack_memberships_contains_paid_content":false,"footnotes":""},"categories":[109,51],"tags":[148],"class_list":["post-60384","post","type-post","status-publish","format-standard","has-post-thumbnail","hentry","category-minuto-a-minuto","category-zona-roja","tag-oaxaca-de-juarez"],"jetpack_featured_media_url":"https:\/\/zonaroja.com.mx\/wp-content\/uploads\/2023\/09\/Anciana-apunalada-ciudad-de-oaxaca.jpeg","jetpack_sharing_enabled":true,"_links":{"self":[{"href":"https:\/\/zonaroja.com.mx\/index.php?rest_route=\/wp\/v2\/posts\/60384","targetHints":{"allow":["GET"]}}],"collection":[{"href":"https:\/\/zonaroja.com.mx\/index.php?rest_route=\/wp\/v2\/posts"}],"about":[{"href":"https:\/\/zonaroja.com.mx\/index.php?rest_route=\/wp\/v2\/types\/post"}],"author":[{"embeddable":true,"href":"https:\/\/zonaroja.com.mx\/index.php?rest_route=\/wp\/v2\/users\/2"}],"replies":[{"embeddable":true,"href":"https:\/\/zonaroja.com.mx\/index.php?rest_route=%2Fwp%2Fv2%2Fcomments&post=60384"}],"version-history":[{"count":1,"href":"https:\/\/zonaroja.com.mx\/index.php?rest_route=\/wp\/v2\/posts\/60384\/revisions"}],"predecessor-version":[{"id":60386,"href":"https:\/\/zonaroja.com.mx\/index.php?rest_route=\/wp\/v2\/posts\/60384\/revisions\/60386"}],"wp:featuredmedia":[{"embeddable":true,"href":"https:\/\/zonaroja.com.mx\/index.php?rest_route=\/wp\/v2\/media\/60385"}],"wp:attachment":[{"href":"https:\/\/zonaroja.com.mx\/index.php?rest_route=%2Fwp%2Fv2%2Fmedia&parent=60384"}],"wp:term":[{"taxonomy":"category","embeddable":true,"href":"https:\/\/zonaroja.com.mx\/index.php?rest_route=%2Fwp%2Fv2%2Fcategories&post=60384"},{"taxonomy":"post_tag","embeddable":true,"href":"https:\/\/zonaroja.com.mx\/index.php?rest_route=%2Fwp%2Fv2%2Ftags&post=60384"}],"curies":[{"name":"wp","href":"https:\/\/api.w.org\/{rel}","templated":true}]}}