{"id":60387,"date":"2023-09-29T09:30:00","date_gmt":"2023-09-29T14:30:00","guid":{"rendered":"http:\/\/www.zonaroja.com.mx\/?p=60387"},"modified":"2023-09-29T08:27:03","modified_gmt":"2023-09-29T13:27:03","slug":"inician-en-oaxaca-construccion-de-albergue-para-menores-migrantes","status":"publish","type":"post","link":"https:\/\/zonaroja.com.mx\/?p=60387","title":{"rendered":"Inician en Oaxaca construcci\u00f3n de albergue para menores migrantes"},"content":{"rendered":"\n<p>Redacci\u00f3n\/Zona Roja.<\/p>\n\n\n\n<p>Oaxaca de Ju\u00e1rez, Oax., a 29 de septiembre de 2023.- El gobierno de Oaxaca inici\u00f3 en el municipio de San Pedro Tapanatepec, regi\u00f3n del Istmo, la construcci\u00f3n de un albergue para migrantes menores de edad en tr\u00e1nsito.<\/p>\n\n\n\n<p>Por gestiones del DIF Oaxaca con el Sistema DIF Nacional, se designaron 46.4 millones de pesos para la obra, en un terreno donado por la autoridad de Tapanatepec.<\/p>\n\n\n\n<p>Este albergue contar\u00e1 con 20 habitaciones para n\u00facleos familiares, de hasta tres personas por habitaci\u00f3n, con sanitarios incluidos, dormitorios para ni\u00f1as y adolescentes mujeres y dormitorios exclusivos para ni\u00f1os y adolescentes hombres con sanitarios disponibles para cada uno.<\/p>\n\n\n\n<p>Asimismo, se prev\u00e9 la construcci\u00f3n de oficinas administrativas, un consultorio m\u00e9dico equipado, un comedor para 100 personas, cocina, \u00e1rea de lavander\u00eda, espacios recreativos y una bodega de almacenamiento de bienes e insumos para la atenci\u00f3n de la poblaci\u00f3n usuaria. Se tiene proyectada una atenci\u00f3n diaria para 200 personas.<\/p>\n\n\n\n<p>En un comunicado, el gobierno estatal inform\u00f3 que la obra fue iniciada ayer por el mandatario Salom\u00f3n Jara Cruz y la presidenta honoraria del Sistema para el Desarrollo Integral de la Familia, DIF Oaxaca, Irma Bola\u00f1os Quijano,&nbsp;<\/p>\n\n\n\n<p>\u201cEsta primera piedra es el inicio de un proyecto que, en un mediano plazo brindar\u00e1 apoyo a ni\u00f1as, ni\u00f1os y adolescentes (NNA), acompa\u00f1ados o no acompa\u00f1ados, en su paso por este municipio para recibir comida, cobijo temporal, un trato c\u00e1lido e impedir que sus derechos sean vulnerados\u201d, destac\u00f3 el gobernador.<\/p>\n\n\n\n<p>Con el acompa\u00f1amiento de la titular de la Oficina de la Representaci\u00f3n en Oaxaca del Instituto Nacional de Migraci\u00f3n (INM), Selene Mandujano Figueroa, el titular de la Gubernatura dijo que esta pol\u00edtica basa sus acciones en la perspectiva promovida por el Presidente de M\u00e9xico Andr\u00e9s Manuel L\u00f3pez Obrador, que consiste en apoyar, orientar y ayudar a las personas hacia una migraci\u00f3n m\u00e1s solidaria y salvaguardar sus derechos humanos.<\/p>\n\n\n\n<p>\u201cEstamos aqu\u00ed con el acompa\u00f1amiento del gran equipo del DIF Oaxaca para atender esta problem\u00e1tica en la que gobiernos anteriores fueron omisos, contribuyendo a que las cosas se agravaran\u201d, expuso en este municipio.<\/p>\n\n\n\n<p>En tanto, la Presidenta del Sistema DIF Oaxaca, Irma Bola\u00f1os Quijano, coincidi\u00f3 en la importancia de trabajar bajo dos vertientes para enfrentar los impactos del fen\u00f3meno migratorio en la entidad.<\/p>\n\n\n\n<p>\u201cEn esta tarea, los gobiernos de los pa\u00edses vecinos, federal, estatales y municipales debemos trabajar conjuntamente y asumir una responsabilidad compartida. Por ello, ratifico el compromiso del Gobierno del Estado con la promoci\u00f3n del bienestar de la poblaci\u00f3n de los grupos prioritarios\u201d, precis\u00f3.<\/p>\n\n\n\n<figure class=\"wp-block-embed\"><div class=\"wp-block-embed__wrapper\">\nhttps:\/\/x.com\/salomonj\/status\/1707487153960140905?s=20\n<\/div><\/figure>\n","protected":false},"excerpt":{"rendered":"<p>Redacci\u00f3n\/Zona Roja. Oaxaca de Ju\u00e1rez, Oax., a 29 de septiembre de 2023.- El gobierno de&hellip;<\/p>\n","protected":false},"author":2,"featured_media":60388,"comment_status":"closed","ping_status":"open","sticky":false,"template":"","format":"standard","meta":{"_lmt_disableupdate":"","_lmt_disable":"","_jetpack_memberships_contains_paid_content":false,"footnotes":""},"categories":[109,46],"tags":[939],"class_list":["post-60387","post","type-post","status-publish","format-standard","has-post-thumbnail","hentry","category-minuto-a-minuto","category-zona-blanca","tag-salomon-jara-cruz"],"jetpack_featured_media_url":"https:\/\/zonaroja.com.mx\/wp-content\/uploads\/2023\/09\/FOTO-4-SAN-PEDRO-TAPANATEPEC.jpeg","jetpack_sharing_enabled":true,"_links":{"self":[{"href":"https:\/\/zonaroja.com.mx\/index.php?rest_route=\/wp\/v2\/posts\/60387","targetHints":{"allow":["GET"]}}],"collection":[{"href":"https:\/\/zonaroja.com.mx\/index.php?rest_route=\/wp\/v2\/posts"}],"about":[{"href":"https:\/\/zonaroja.com.mx\/index.php?rest_route=\/wp\/v2\/types\/post"}],"author":[{"embeddable":true,"href":"https:\/\/zonaroja.com.mx\/index.php?rest_route=\/wp\/v2\/users\/2"}],"replies":[{"embeddable":true,"href":"https:\/\/zonaroja.com.mx\/index.php?rest_route=%2Fwp%2Fv2%2Fcomments&post=60387"}],"version-history":[{"count":1,"href":"https:\/\/zonaroja.com.mx\/index.php?rest_route=\/wp\/v2\/posts\/60387\/revisions"}],"predecessor-version":[{"id":60389,"href":"https:\/\/zonaroja.com.mx\/index.php?rest_route=\/wp\/v2\/posts\/60387\/revisions\/60389"}],"wp:featuredmedia":[{"embeddable":true,"href":"https:\/\/zonaroja.com.mx\/index.php?rest_route=\/wp\/v2\/media\/60388"}],"wp:attachment":[{"href":"https:\/\/zonaroja.com.mx\/index.php?rest_route=%2Fwp%2Fv2%2Fmedia&parent=60387"}],"wp:term":[{"taxonomy":"category","embeddable":true,"href":"https:\/\/zonaroja.com.mx\/index.php?rest_route=%2Fwp%2Fv2%2Fcategories&post=60387"},{"taxonomy":"post_tag","embeddable":true,"href":"https:\/\/zonaroja.com.mx\/index.php?rest_route=%2Fwp%2Fv2%2Ftags&post=60387"}],"curies":[{"name":"wp","href":"https:\/\/api.w.org\/{rel}","templated":true}]}}