{"id":6039,"date":"2019-11-24T10:03:00","date_gmt":"2019-11-24T16:03:00","guid":{"rendered":"https:\/\/www.zonaroja.com.mx\/?p=6039"},"modified":"2019-11-24T10:03:03","modified_gmt":"2019-11-24T16:03:03","slug":"sabado-mortal-en-el-istmo-dos-asesinados-y-dos-heridos-de-bala","status":"publish","type":"post","link":"https:\/\/zonaroja.com.mx\/?p=6039","title":{"rendered":"S\u00e1bado mortal en el Istmo: dos asesinados y dos heridos de bala"},"content":{"rendered":"\n<p class=\"MsoNormal\">Redacci\u00f3n\/Zona Roja.<\/p>\n\n\n\n<p class=\"MsoNormal\">Oaxaca de Ju\u00e1rez, Oax., 24 de noviembre de 2019.- Dos personas asesinadas a balazos y dos m\u00e1s heridas, as\u00ed como el ataque a un centro de rehabilitaci\u00f3n, es el saldo violento de este s\u00e1bado en la regi\u00f3n del Istmo de Tehuantepec, en cuatro hechos distintos.<\/p>\n\n\n\n<p class=\"MsoNormal\">Adem\u00e1s del ex polic\u00eda municipal ultimado por la tarde en una peluquer\u00eda de la Octava Secci\u00f3n de Juchit\u00e1n de Zaragoza, por la noche fue atacado con arma de fuego un individuo, sobre la carretera federal 200, a la altura de San Pedro Huamelula.<\/p>\n\n\n\n<p class=\"MsoNormal\">Presuntamente los agresores viajaban a bordo de una motocicleta y tras la agresi\u00f3n se dieron a la fuga; hasta el momento no hay identidad de la v\u00edctima.<\/p>\n\n\n\n<p class=\"MsoNormal\">Mientras tanto, tambi\u00e9n anoche, a un costado de la carretera federal 190, y afuera de un establecimiento de venta de cervezas, en jurisdicci\u00f3n de Jalapa del Marqu\u00e9s, se suscit\u00f3 otro ataque armado.<\/p>\n\n\n\n<p class=\"MsoNormal\">Dos individuos, a\u00fan no identificados, resultaron heridos, por lo cual fueron trasladados uno al hospital general de Santo Domingo Tehuantepec&nbsp; y otro al hospital de Especialidades de Salina Cruz.<\/p>\n\n\n\n<p class=\"MsoNormal\">Por otra parte, tambi\u00e9n anoche fue atacado por un grupo armado un centro de rehabilitaci\u00f3n denominado \u201cRescate de Dios\u201d, ubicado en el tramo carretero Salina Cruz-Tehuantepec.<\/p>\n\n\n\n<p class=\"MsoNormal\">Los sujetos desconocidos ingresaron al sitio, efectuaron disparos al aire y despojaron de dinero en efectivo y equipos celulares a los internados y trabajadores, tras lo cual se dieron a la fuga.<\/p>\n","protected":false},"excerpt":{"rendered":"<p>Redacci\u00f3n\/Zona Roja. Oaxaca de Ju\u00e1rez, Oax., 24 de noviembre de 2019.- Dos personas asesinadas a&hellip;<\/p>\n","protected":false},"author":2,"featured_media":6038,"comment_status":"closed","ping_status":"open","sticky":false,"template":"","format":"standard","meta":{"_lmt_disableupdate":"","_lmt_disable":"","_jetpack_memberships_contains_paid_content":false,"footnotes":""},"categories":[109,51],"tags":[],"class_list":["post-6039","post","type-post","status-publish","format-standard","has-post-thumbnail","hentry","category-minuto-a-minuto","category-zona-roja"],"jetpack_featured_media_url":"https:\/\/zonaroja.com.mx\/wp-content\/uploads\/2019\/11\/img_1175.jpg","jetpack_sharing_enabled":true,"_links":{"self":[{"href":"https:\/\/zonaroja.com.mx\/index.php?rest_route=\/wp\/v2\/posts\/6039","targetHints":{"allow":["GET"]}}],"collection":[{"href":"https:\/\/zonaroja.com.mx\/index.php?rest_route=\/wp\/v2\/posts"}],"about":[{"href":"https:\/\/zonaroja.com.mx\/index.php?rest_route=\/wp\/v2\/types\/post"}],"author":[{"embeddable":true,"href":"https:\/\/zonaroja.com.mx\/index.php?rest_route=\/wp\/v2\/users\/2"}],"replies":[{"embeddable":true,"href":"https:\/\/zonaroja.com.mx\/index.php?rest_route=%2Fwp%2Fv2%2Fcomments&post=6039"}],"version-history":[{"count":1,"href":"https:\/\/zonaroja.com.mx\/index.php?rest_route=\/wp\/v2\/posts\/6039\/revisions"}],"predecessor-version":[{"id":6040,"href":"https:\/\/zonaroja.com.mx\/index.php?rest_route=\/wp\/v2\/posts\/6039\/revisions\/6040"}],"wp:featuredmedia":[{"embeddable":true,"href":"https:\/\/zonaroja.com.mx\/index.php?rest_route=\/wp\/v2\/media\/6038"}],"wp:attachment":[{"href":"https:\/\/zonaroja.com.mx\/index.php?rest_route=%2Fwp%2Fv2%2Fmedia&parent=6039"}],"wp:term":[{"taxonomy":"category","embeddable":true,"href":"https:\/\/zonaroja.com.mx\/index.php?rest_route=%2Fwp%2Fv2%2Fcategories&post=6039"},{"taxonomy":"post_tag","embeddable":true,"href":"https:\/\/zonaroja.com.mx\/index.php?rest_route=%2Fwp%2Fv2%2Ftags&post=6039"}],"curies":[{"name":"wp","href":"https:\/\/api.w.org\/{rel}","templated":true}]}}