{"id":60396,"date":"2023-09-29T14:00:00","date_gmt":"2023-09-29T19:00:00","guid":{"rendered":"http:\/\/www.zonaroja.com.mx\/?p=60396"},"modified":"2023-09-29T09:02:01","modified_gmt":"2023-09-29T14:02:01","slug":"aprueba-el-ieepco-convocatoria-para-visitantes-extranjeros-de-elecciones-2024","status":"publish","type":"post","link":"https:\/\/zonaroja.com.mx\/?p=60396","title":{"rendered":"Aprueba el IEEPCO convocatoria para visitantes extranjeros de elecciones 2024\u00a0"},"content":{"rendered":"\n<p>Redacci\u00f3n\/Zona Roja.<\/p>\n\n\n\n<p>Oaxaca de Ju\u00e1rez, Oax., a 29 de septiembre de 2023.- El Instituto Estatal Electoral y de Participaci\u00f3n Ciudadana de Oaxaca (IEEPCO), realiz\u00f3 sesi\u00f3n ordinaria donde se rindieron informes respecto de Quejas y Denuncias, as\u00ed como sobre las resoluciones dictadas por los \u00f3rganos jurisdiccionales en la materia.&nbsp;<\/p>\n\n\n\n<p>Durante la sesi\u00f3n ordinaria, tambi\u00e9n se rindi\u00f3 \u2013 por conducto de la Secretar\u00eda Ejecutiva del IEEPCO-, el primer informe respecto de encuestas electorales del Proceso Electoral Ordinario 2023-2024 correspondiente al mes de septiembre.&nbsp;<\/p>\n\n\n\n<p>El m\u00e1ximo \u00f3rgano de direcci\u00f3n tambi\u00e9n aprob\u00f3 las actas de las sesiones del Consejo General extraordinarias de fechas 30 y 31 de agosto; 01, 05, 08, 14, 18 y 21 de septiembre; as\u00ed como ordinaria y especial de fechas 31 de agosto y 08 de septiembre, respectivamente.&nbsp;<\/p>\n\n\n\n<p>En la sesi\u00f3n, se rindi\u00f3 el informe de la Direcci\u00f3n Ejecutiva de Partidos Pol\u00edticos, Prerrogativas y Candidaturas Independientes, sobre el avance en las revisiones de los informes mensuales presentados por las organizaciones en cumplimiento a la normatividad vigente. &nbsp;<\/p>\n\n\n\n<p>Durante este d\u00eda, el Consejo General tambi\u00e9n sesion\u00f3 de manera extraordinaria para aprobar la convocatoria y programa para la participaci\u00f3n de Visitantes Extranjeros en el Proceso Electoral Concurrente Ordinario 2023-2024. &nbsp;<\/p>\n\n\n\n<p>Las consejer\u00edas electorales, tambi\u00e9n aprobaron el acuerdo sobre la procedencia constitucional y legal de las modificaciones a los Documentos B\u00e1sicos y la emisi\u00f3n de reglamentaci\u00f3n interna del partido pol\u00edtico local Fuerza por M\u00e9xico Oaxaca, en ejercicio de su libertad autoorganizativa y de autodeterminaci\u00f3n.&nbsp;<\/p>\n","protected":false},"excerpt":{"rendered":"<p>Redacci\u00f3n\/Zona Roja. Oaxaca de Ju\u00e1rez, Oax., a 29 de septiembre de 2023.- El Instituto Estatal&hellip;<\/p>\n","protected":false},"author":2,"featured_media":17563,"comment_status":"closed","ping_status":"open","sticky":false,"template":"","format":"standard","meta":{"_lmt_disableupdate":"","_lmt_disable":"","_jetpack_memberships_contains_paid_content":false,"footnotes":""},"categories":[109,46],"tags":[2932],"class_list":["post-60396","post","type-post","status-publish","format-standard","has-post-thumbnail","hentry","category-minuto-a-minuto","category-zona-blanca","tag-instituto-estatal-electoral-y-de-participacion-ciudadana-de-oaxaca-ieepco"],"jetpack_featured_media_url":"https:\/\/zonaroja.com.mx\/wp-content\/uploads\/2020\/09\/Instituto-Estatal-Electoral-IEEPCO.jpg","jetpack_sharing_enabled":true,"_links":{"self":[{"href":"https:\/\/zonaroja.com.mx\/index.php?rest_route=\/wp\/v2\/posts\/60396","targetHints":{"allow":["GET"]}}],"collection":[{"href":"https:\/\/zonaroja.com.mx\/index.php?rest_route=\/wp\/v2\/posts"}],"about":[{"href":"https:\/\/zonaroja.com.mx\/index.php?rest_route=\/wp\/v2\/types\/post"}],"author":[{"embeddable":true,"href":"https:\/\/zonaroja.com.mx\/index.php?rest_route=\/wp\/v2\/users\/2"}],"replies":[{"embeddable":true,"href":"https:\/\/zonaroja.com.mx\/index.php?rest_route=%2Fwp%2Fv2%2Fcomments&post=60396"}],"version-history":[{"count":1,"href":"https:\/\/zonaroja.com.mx\/index.php?rest_route=\/wp\/v2\/posts\/60396\/revisions"}],"predecessor-version":[{"id":60397,"href":"https:\/\/zonaroja.com.mx\/index.php?rest_route=\/wp\/v2\/posts\/60396\/revisions\/60397"}],"wp:featuredmedia":[{"embeddable":true,"href":"https:\/\/zonaroja.com.mx\/index.php?rest_route=\/wp\/v2\/media\/17563"}],"wp:attachment":[{"href":"https:\/\/zonaroja.com.mx\/index.php?rest_route=%2Fwp%2Fv2%2Fmedia&parent=60396"}],"wp:term":[{"taxonomy":"category","embeddable":true,"href":"https:\/\/zonaroja.com.mx\/index.php?rest_route=%2Fwp%2Fv2%2Fcategories&post=60396"},{"taxonomy":"post_tag","embeddable":true,"href":"https:\/\/zonaroja.com.mx\/index.php?rest_route=%2Fwp%2Fv2%2Ftags&post=60396"}],"curies":[{"name":"wp","href":"https:\/\/api.w.org\/{rel}","templated":true}]}}