{"id":60398,"date":"2023-09-29T13:30:00","date_gmt":"2023-09-29T18:30:00","guid":{"rendered":"http:\/\/www.zonaroja.com.mx\/?p=60398"},"modified":"2023-09-29T09:04:39","modified_gmt":"2023-09-29T14:04:39","slug":"sentencia-a-individuo-por-agredir-a-una-persona-provocandole-discapacidad","status":"publish","type":"post","link":"https:\/\/zonaroja.com.mx\/?p=60398","title":{"rendered":"Sentencia a individuo por agredir a una persona provoc\u00e1ndole discapacidad"},"content":{"rendered":"\n<p>Redacci\u00f3n\/Zona Roja.&nbsp;<\/p>\n\n\n\n<p>Oaxaca de Ju\u00e1rez, Oax., a 29 de septiembre de 2023.- Los trabajos de combate a la violencia que realiza la Fiscal\u00eda General del Estado de Oaxaca (FGEO) en las diferentes regiones de la entidad, dieron como resultado la obtenci\u00f3n de una sentencia condenatoria y de una vinculaci\u00f3n a proceso en dos casos distintos por el delito de lesiones, ambos ocurridos en la Costa.<\/p>\n\n\n\n<p>En el primero de los casos, los hechos ocurrieron el 14 de octubre de 2022, cuando la v\u00edctima -E. M. V.- lleg\u00f3 a un domicilio ubicado en la calle 20 de noviembre, en el barrio de La Cruz, en el municipio de San Gabriel Mixtepec.<\/p>\n\n\n\n<p>Al ingresar al inmueble, los sentenciados agredieron en repetidas ocasiones con un cuchillo a la citada persona, infligiendo lesiones que le provocaron discapacidad permanente para trabajar.<\/p>\n\n\n\n<p>Derivado de las pruebas aportadas por la FGEO, el Juez dict\u00f3 sentencia condenatoria de 9 a\u00f1os y seis meses de prisi\u00f3n en contra de A. M. P. y E. J. B., por el delito de Lesiones Calificadas con Ventaja, e impuso el pago de una multa \u2013a cada uno de los responsables&#8211; por m\u00e1s de 158 mil pesos.<\/p>\n\n\n\n<p>Mientras que, en el segundo caso, los hechos ocurrieron el 29 de noviembre de 2020 cuando la v\u00edctima caminaba por calles de la comunidad de San Isidro Bajos del Palmar, perteneciente al municipio de Santa Mar\u00eda Tonameca, donde sufri\u00f3 una agresi\u00f3n por la que result\u00f3 con diversas lesiones.<\/p>\n\n\n\n<p>Luego de investigar el caso, la Fiscal\u00eda llev\u00f3 al imputado ante el Juez que atiende la causa, quien dict\u00f3 auto de vinculaci\u00f3n a proceso en contra de G. D. por el delito de Lesiones Calificadas en agravio de J.G.V., por lo que impuso prisi\u00f3n preventiva para el imputado y otorg\u00f3 un mes para el cierre de las investigaciones complementarias.<\/p>\n\n\n\n<p>Las investigaciones que realiza la Fiscal\u00eda de Oaxaca en esa zona de la entidad, corren a cargo de un equipo multidisciplinario agrupado en la Vicefiscal\u00eda regional de la Costa que se encarga de que las v\u00edctimas tengan pleno acceso a la justicia.<\/p>\n","protected":false},"excerpt":{"rendered":"<p>Redacci\u00f3n\/Zona Roja.&nbsp; Oaxaca de Ju\u00e1rez, Oax., a 29 de septiembre de 2023.- Los trabajos de&hellip;<\/p>\n","protected":false},"author":2,"featured_media":42252,"comment_status":"closed","ping_status":"open","sticky":false,"template":"","format":"standard","meta":{"_lmt_disableupdate":"","_lmt_disable":"","_jetpack_memberships_contains_paid_content":false,"footnotes":""},"categories":[109,46],"tags":[494],"class_list":["post-60398","post","type-post","status-publish","format-standard","has-post-thumbnail","hentry","category-minuto-a-minuto","category-zona-blanca","tag-fiscalia-general-del-estado-de-oaxaca"],"jetpack_featured_media_url":"https:\/\/zonaroja.com.mx\/wp-content\/uploads\/2022\/06\/Tribunal-sentencia-.webp","jetpack_sharing_enabled":true,"_links":{"self":[{"href":"https:\/\/zonaroja.com.mx\/index.php?rest_route=\/wp\/v2\/posts\/60398","targetHints":{"allow":["GET"]}}],"collection":[{"href":"https:\/\/zonaroja.com.mx\/index.php?rest_route=\/wp\/v2\/posts"}],"about":[{"href":"https:\/\/zonaroja.com.mx\/index.php?rest_route=\/wp\/v2\/types\/post"}],"author":[{"embeddable":true,"href":"https:\/\/zonaroja.com.mx\/index.php?rest_route=\/wp\/v2\/users\/2"}],"replies":[{"embeddable":true,"href":"https:\/\/zonaroja.com.mx\/index.php?rest_route=%2Fwp%2Fv2%2Fcomments&post=60398"}],"version-history":[{"count":1,"href":"https:\/\/zonaroja.com.mx\/index.php?rest_route=\/wp\/v2\/posts\/60398\/revisions"}],"predecessor-version":[{"id":60399,"href":"https:\/\/zonaroja.com.mx\/index.php?rest_route=\/wp\/v2\/posts\/60398\/revisions\/60399"}],"wp:featuredmedia":[{"embeddable":true,"href":"https:\/\/zonaroja.com.mx\/index.php?rest_route=\/wp\/v2\/media\/42252"}],"wp:attachment":[{"href":"https:\/\/zonaroja.com.mx\/index.php?rest_route=%2Fwp%2Fv2%2Fmedia&parent=60398"}],"wp:term":[{"taxonomy":"category","embeddable":true,"href":"https:\/\/zonaroja.com.mx\/index.php?rest_route=%2Fwp%2Fv2%2Fcategories&post=60398"},{"taxonomy":"post_tag","embeddable":true,"href":"https:\/\/zonaroja.com.mx\/index.php?rest_route=%2Fwp%2Fv2%2Ftags&post=60398"}],"curies":[{"name":"wp","href":"https:\/\/api.w.org\/{rel}","templated":true}]}}