{"id":60402,"date":"2023-09-29T17:07:00","date_gmt":"2023-09-29T22:07:00","guid":{"rendered":"http:\/\/www.zonaroja.com.mx\/?p=60402"},"modified":"2023-09-29T09:09:57","modified_gmt":"2023-09-29T14:09:57","slug":"senado-aprueba-proyecto-que-limita-a-indigenas-el-derecho-a-la-tierra-en-brasil","status":"publish","type":"post","link":"https:\/\/zonaroja.com.mx\/?p=60402","title":{"rendered":"Senado aprueba proyecto que limita a ind\u00edgenas el derecho a la tierra en Brasil"},"content":{"rendered":"\n<p>Redacci\u00f3n\/Zona Roja Cdmx.<\/p>\n\n\n\n<p>Ciudad de M\u00e9xico, a 29 de septiembre de 2023.- El Senado brasile\u00f1o aprob\u00f3 ayer un proyecto que establece una regla para limitar el reconocimiento de tierras ind\u00edgenas, en colisi\u00f3n y como reacci\u00f3n a una decisi\u00f3n del Supremo Tribunal Federal (STF) que la declar\u00f3 inconstitucional d\u00edas atr\u00e1s.<\/p>\n\n\n\n<p>Con 43 votos a favor y 21 en contra, el pleno de la c\u00e1mara alta aprob\u00f3 el texto base del proyecto del denominado \u201cmarco temporal\u201d.<\/p>\n\n\n\n<p>En el centro del proyecto, que ya hab\u00eda sido aprobado en 2022 por los diputados, aparece una regla defendida por el poderoso agronegocio brasile\u00f1o, que s\u00f3lo reconoce a los ind\u00edgenas derechos sobre los territorios que ocupaban o disputaban el 5 de octubre de 1988, cuando se promulg\u00f3 la Constituci\u00f3n.<\/p>\n\n\n\n<p>La decisi\u00f3n adoptada por los parlamentarios ayer plantea un conflicto entre el Congreso y el STF, se\u00f1alado por cr\u00edticos de \u201centrometerse en asuntos del Legislativo\u201d.<\/p>\n\n\n\n<p>El m\u00e1ximo tribunal del pa\u00eds fall\u00f3 la semana pasada contra esta regla por nueve votos a dos, en un juicio que comenz\u00f3 en agosto de 2021.<\/p>\n\n\n\n<p>Adem\u00e1s, se decidi\u00f3 ayer que aquellos productores que hayan adquirido \u201cde buena fe\u201d tierras que por tradici\u00f3n pertenecen a ind\u00edgenas tienen derecho a una indemnizaci\u00f3n del Estado.<\/p>\n\n\n\n<p>El presidente del Senado, Rodrigo Pacheco, defendi\u00f3 la potestad del Legislativo para decidir sobre el tema.<\/p>\n\n\n\n<p>\u201cNo hay enfrentamiento con el STF. Es apenas una posici\u00f3n del Congreso, considerando que juzgamos que temas de esa naturaleza deben ser deliberados por el Legislativo\u201d, dijo Pacheco.<\/p>\n\n\n\n<p>En caso de que sea sancionada por el presidente Luiz In\u00e1cio Lula da Silva, la ley de \u201cmarco temporal\u201d podr\u00eda ser judicializada.<\/p>\n\n\n\n<p>Seg\u00fan datos de la Fundaci\u00f3n Nacional de los Pueblos Ind\u00edgenas, las reservas, consideradas grandes barreras contra el avance de la deforestaci\u00f3n, ocupan 13.75 por ciento del territorio del pa\u00eds. En Brasil viven cerca de 1.7 millones de ind\u00edgenas.<\/p>\n\n\n\n<p>(Informaci\u00f3n de \u201cLa Jornada\u201d)<\/p>\n","protected":false},"excerpt":{"rendered":"<p>Redacci\u00f3n\/Zona Roja Cdmx. Ciudad de M\u00e9xico, a 29 de septiembre de 2023.- El Senado brasile\u00f1o&hellip;<\/p>\n","protected":false},"author":2,"featured_media":60403,"comment_status":"closed","ping_status":"open","sticky":false,"template":"","format":"standard","meta":{"_lmt_disableupdate":"","_lmt_disable":"","_jetpack_memberships_contains_paid_content":false,"footnotes":""},"categories":[109,47],"tags":[],"class_list":["post-60402","post","type-post","status-publish","format-standard","has-post-thumbnail","hentry","category-minuto-a-minuto","category-zona-gris"],"jetpack_featured_media_url":"https:\/\/zonaroja.com.mx\/wp-content\/uploads\/2023\/09\/Indigenas-Brasil.jpeg","jetpack_sharing_enabled":true,"_links":{"self":[{"href":"https:\/\/zonaroja.com.mx\/index.php?rest_route=\/wp\/v2\/posts\/60402","targetHints":{"allow":["GET"]}}],"collection":[{"href":"https:\/\/zonaroja.com.mx\/index.php?rest_route=\/wp\/v2\/posts"}],"about":[{"href":"https:\/\/zonaroja.com.mx\/index.php?rest_route=\/wp\/v2\/types\/post"}],"author":[{"embeddable":true,"href":"https:\/\/zonaroja.com.mx\/index.php?rest_route=\/wp\/v2\/users\/2"}],"replies":[{"embeddable":true,"href":"https:\/\/zonaroja.com.mx\/index.php?rest_route=%2Fwp%2Fv2%2Fcomments&post=60402"}],"version-history":[{"count":1,"href":"https:\/\/zonaroja.com.mx\/index.php?rest_route=\/wp\/v2\/posts\/60402\/revisions"}],"predecessor-version":[{"id":60404,"href":"https:\/\/zonaroja.com.mx\/index.php?rest_route=\/wp\/v2\/posts\/60402\/revisions\/60404"}],"wp:featuredmedia":[{"embeddable":true,"href":"https:\/\/zonaroja.com.mx\/index.php?rest_route=\/wp\/v2\/media\/60403"}],"wp:attachment":[{"href":"https:\/\/zonaroja.com.mx\/index.php?rest_route=%2Fwp%2Fv2%2Fmedia&parent=60402"}],"wp:term":[{"taxonomy":"category","embeddable":true,"href":"https:\/\/zonaroja.com.mx\/index.php?rest_route=%2Fwp%2Fv2%2Fcategories&post=60402"},{"taxonomy":"post_tag","embeddable":true,"href":"https:\/\/zonaroja.com.mx\/index.php?rest_route=%2Fwp%2Fv2%2Ftags&post=60402"}],"curies":[{"name":"wp","href":"https:\/\/api.w.org\/{rel}","templated":true}]}}