{"id":60405,"date":"2023-09-29T18:57:55","date_gmt":"2023-09-29T23:57:55","guid":{"rendered":"http:\/\/www.zonaroja.com.mx\/?p=60405"},"modified":"2023-09-29T18:57:57","modified_gmt":"2023-09-29T23:57:57","slug":"dota-fiscalia-de-oaxaca-equipo-tactico-e-insumos-a-personal-de-la-aei","status":"publish","type":"post","link":"https:\/\/zonaroja.com.mx\/?p=60405","title":{"rendered":"Dota Fiscal\u00eda de Oaxaca equipo t\u00e1ctico e insumos a personal de la AEI"},"content":{"rendered":"\n<p>Redacci\u00f3n\/Zona Roja.<\/p>\n\n\n\n<p>Oaxaca de Ju\u00e1rez, Oax., a 29 de septiembre de 2023.- Como parte de las acciones de fortalecimiento y dignificaci\u00f3n policial emprendida desde el Secretariado Ejecutivo del Sistema Estatal de Seguridad P\u00fablica, elementos de la Agencia Estatal de Investigaciones recibieron equipo t\u00e1ctico e insumos.<\/p>\n\n\n\n<p>En el acto celebrado en la explanada del casco de la ex hacienda de La Experimental, el fiscal General del Estado de Oaxaca, Bernardo Rodr\u00edguez Alamilla, afirm\u00f3 que parte fundamental de la transformaci\u00f3n en materia de procuraci\u00f3n de justicia implica, forzosamente, mejorar las condiciones de las y los elementos de la AEI.<\/p>\n\n\n\n<p>Acompa\u00f1ado por la secretaria Ejecutiva del Sistema Estatal de Seguridad P\u00fablica, Karina Bar\u00f3n Ortiz; el coordinador de la Agencia Estatal de Investigaciones, Jaciel V\u00e1squez Castro, la Oficial Mayor de la FGEO, Arima Ojeda Santiago; Rodr\u00edguez Alamilla reconoci\u00f3 la importancia de que las y los elementos de la polic\u00eda investigadora cuenten con uniformes e insumos suficientes para cumplir con sus labores diarias.<\/p>\n\n\n\n<p>Por su parte, la Secretaria Ejecutiva apunt\u00f3 que en la administraci\u00f3n que encabeza el Gobernador Salom\u00f3n Jara Cruz se ha puesto en marcha una estrategia para abatir los grandes rezagos que hist\u00f3ricamente han padecido los cuerpos policiales.<\/p>\n\n\n\n<p>Y en este sentido, resalt\u00f3 que como parte de las acciones prioritarias se ha puesto en marcha la dotaci\u00f3n de insumos, uniformes, as\u00ed como de veh\u00edculos que permitan a las y los Agentes de Investigaci\u00f3n, as\u00ed como polic\u00edas, realizar sus labores.<\/p>\n\n\n\n<p>En tanto que, el coordinador de la AEI, Jaciel V\u00e1squez Castro, agradeci\u00f3 el compromiso demostrado por el Secretariado Ejecutivo con la polic\u00eda investigadora, as\u00ed como la administraci\u00f3n del Fiscal General, pues en un breve periodo de tiempo se ha logrado equipar a las y los elementos con uniformes -como en este caso-, y armamento que ha adquirido la FGEO.<\/p>\n\n\n\n<p>En esta etapa de dotaci\u00f3n de insumos, se otorg\u00f3 a las y los elementos de la AEI, pantalones t\u00e1cticos para damas y caballeros, camisas, botas e impermeables, gorras, porta cargador, porta esposas, porta fusil t\u00e1ctico, porta l\u00e1mpara, entre otros.<\/p>\n","protected":false},"excerpt":{"rendered":"<p>Redacci\u00f3n\/Zona Roja. Oaxaca de Ju\u00e1rez, Oax., a 29 de septiembre de 2023.- Como parte de&hellip;<\/p>\n","protected":false},"author":2,"featured_media":60406,"comment_status":"closed","ping_status":"open","sticky":false,"template":"","format":"standard","meta":{"_lmt_disableupdate":"","_lmt_disable":"","_jetpack_memberships_contains_paid_content":false,"footnotes":""},"categories":[109,46],"tags":[494],"class_list":["post-60405","post","type-post","status-publish","format-standard","has-post-thumbnail","hentry","category-minuto-a-minuto","category-zona-blanca","tag-fiscalia-general-del-estado-de-oaxaca"],"jetpack_featured_media_url":"https:\/\/zonaroja.com.mx\/wp-content\/uploads\/2023\/09\/BOLETIN-396-Recibe-Agencia-Estatal-de-Investigaciones-AEI-dotacion-de-equipo-tactico-e-insumos-5.jpeg","jetpack_sharing_enabled":true,"_links":{"self":[{"href":"https:\/\/zonaroja.com.mx\/index.php?rest_route=\/wp\/v2\/posts\/60405","targetHints":{"allow":["GET"]}}],"collection":[{"href":"https:\/\/zonaroja.com.mx\/index.php?rest_route=\/wp\/v2\/posts"}],"about":[{"href":"https:\/\/zonaroja.com.mx\/index.php?rest_route=\/wp\/v2\/types\/post"}],"author":[{"embeddable":true,"href":"https:\/\/zonaroja.com.mx\/index.php?rest_route=\/wp\/v2\/users\/2"}],"replies":[{"embeddable":true,"href":"https:\/\/zonaroja.com.mx\/index.php?rest_route=%2Fwp%2Fv2%2Fcomments&post=60405"}],"version-history":[{"count":1,"href":"https:\/\/zonaroja.com.mx\/index.php?rest_route=\/wp\/v2\/posts\/60405\/revisions"}],"predecessor-version":[{"id":60407,"href":"https:\/\/zonaroja.com.mx\/index.php?rest_route=\/wp\/v2\/posts\/60405\/revisions\/60407"}],"wp:featuredmedia":[{"embeddable":true,"href":"https:\/\/zonaroja.com.mx\/index.php?rest_route=\/wp\/v2\/media\/60406"}],"wp:attachment":[{"href":"https:\/\/zonaroja.com.mx\/index.php?rest_route=%2Fwp%2Fv2%2Fmedia&parent=60405"}],"wp:term":[{"taxonomy":"category","embeddable":true,"href":"https:\/\/zonaroja.com.mx\/index.php?rest_route=%2Fwp%2Fv2%2Fcategories&post=60405"},{"taxonomy":"post_tag","embeddable":true,"href":"https:\/\/zonaroja.com.mx\/index.php?rest_route=%2Fwp%2Fv2%2Ftags&post=60405"}],"curies":[{"name":"wp","href":"https:\/\/api.w.org\/{rel}","templated":true}]}}