{"id":60408,"date":"2023-09-29T19:45:27","date_gmt":"2023-09-30T00:45:27","guid":{"rendered":"http:\/\/www.zonaroja.com.mx\/?p=60408"},"modified":"2023-09-29T19:45:30","modified_gmt":"2023-09-30T00:45:30","slug":"cierra-semana-en-oaxaca-con-al-menos-cinco-protestas-y-bloqueos","status":"publish","type":"post","link":"https:\/\/zonaroja.com.mx\/?p=60408","title":{"rendered":"Cierra semana en Oaxaca con al menos cinco protestas y bloqueos"},"content":{"rendered":"\n<p>Ismael Garc\u00eda M.\/Zona Roja.<\/p>\n\n\n\n<p>Oaxaca de Ju\u00e1rez, Oax., a 29 de septiembre de 2023.- Al menos cinco protestas y bloqueos se registraron en Oaxaca este viernes, en su mayor\u00eda en la regi\u00f3n Valles Centrales y en la Mixteca.<\/p>\n\n\n\n<p>Desde las 09:00 horas, integrantes del colectivo \u201cViolencia por ser mujer\u201d se instalaron en el exterior de la sede de la Defensor\u00eda de los Derecho Humanos del Pueblo de Oaxaca (DDHPO), en la capital, para exigir un audiencia y para denunciar dilaci\u00f3n en los casos de denuncias de las v\u00edctimas.<\/p>\n\n\n\n<p>Para ello colocaron lonas con rostros de funcionarios y violentadores que ellas consideran que han incurrido en hechos de violencia.&nbsp;<\/p>\n\n\n\n<p>Al mediod\u00eda y tras ser atendidas por la DDHPO, trasladaron su protesta al exterior de la puerta principal del Palacio de Gobierno, donde instalaron su \u201cplant\u00f3n\u201d, que permanece esta tarde.<\/p>\n\n\n\n<p>Poco despu\u00e9s de las 10:00, habitantes de diversas colonias de la agencia de Pueblo Nuevo, entre ellas El Manantial, iniciaron bloqueos a la carretera Oaxaca-M\u00e9xico, a la altura del crucero a Trinidad de Viguera y metros antes.<\/p>\n\n\n\n<p>Lo anterior para denunciar que desde hace tres meses no cuentan con agua potable, pese a m\u00faltiples peticiones al organismo estatal Sistema Operador de los Servicios de Agua Potable y Alcantarillado (SOAPA) y al ayuntamiento de Oaxaca de Ju\u00e1rez.<\/p>\n\n\n\n<p>Otro contingente se traslad\u00f3 al Palacio de Gobierno, donde ofreci\u00f3 una conferencia de prensa; despu\u00e9s de las 16:00 horas se retir\u00f3 la movilizaci\u00f3n.<\/p>\n\n\n\n<p>Despu\u00e9s de las 13:00 horas, en Huajuapan de Le\u00f3n se registr\u00f3 un conflicto con transportistas afiliados al Frente Nacional Ind\u00edgena y Campesino (FNIC), tras la detenci\u00f3n de uno de sus militantes, por lo que decidieron bloquear calle de ese municipio.<\/p>\n\n\n\n<p>Otro contingente cerr\u00f3 por unas horas la supercarretera Oaxaca-Cuacnopalan, a la altura de Asunci\u00f3n Nochixtl\u00e1n; m\u00e1s tarde en Huajuapan se registr\u00f3 un zafarrancho, que culmin\u00f3 con la detenci\u00f3n de varios transportistas.<\/p>\n\n\n\n<p>Cerca de las 14:00 horas, un grupo de estudiantes y ex trabajadores de la Universidad Tecnol\u00f3gica de los Valles Centrales de Oaxaca (UTVCO) protest\u00f3 en el kiosco del z\u00f3calo de la capital, para exigir la reinstalaci\u00f3n de los despedidos y tambi\u00e9n la renuncia de la rectora Tania L\u00f3pez L\u00f3pez.<\/p>\n\n\n\n<p>Luego de ello, protestaron en la puerta principal del Palacio e irrumpieron en las actividades del D\u00eda Nacional del Ma\u00edz, que se realizaban frente a la sede del Poder Ejecutivo.&nbsp;<\/p>\n","protected":false},"excerpt":{"rendered":"<p>Ismael Garc\u00eda M.\/Zona Roja. Oaxaca de Ju\u00e1rez, Oax., a 29 de septiembre de 2023.- Al&hellip;<\/p>\n","protected":false},"author":2,"featured_media":60409,"comment_status":"closed","ping_status":"open","sticky":false,"template":"","format":"standard","meta":{"_lmt_disableupdate":"","_lmt_disable":"","_jetpack_memberships_contains_paid_content":false,"footnotes":""},"categories":[109,47],"tags":[2264],"class_list":["post-60408","post","type-post","status-publish","format-standard","has-post-thumbnail","hentry","category-minuto-a-minuto","category-zona-gris","tag-bloqueos-y-protestas-oaxaca"],"jetpack_featured_media_url":"https:\/\/zonaroja.com.mx\/wp-content\/uploads\/2023\/09\/Protestas-Oaxaca-viernes-29-sept.jpg","jetpack_sharing_enabled":true,"_links":{"self":[{"href":"https:\/\/zonaroja.com.mx\/index.php?rest_route=\/wp\/v2\/posts\/60408","targetHints":{"allow":["GET"]}}],"collection":[{"href":"https:\/\/zonaroja.com.mx\/index.php?rest_route=\/wp\/v2\/posts"}],"about":[{"href":"https:\/\/zonaroja.com.mx\/index.php?rest_route=\/wp\/v2\/types\/post"}],"author":[{"embeddable":true,"href":"https:\/\/zonaroja.com.mx\/index.php?rest_route=\/wp\/v2\/users\/2"}],"replies":[{"embeddable":true,"href":"https:\/\/zonaroja.com.mx\/index.php?rest_route=%2Fwp%2Fv2%2Fcomments&post=60408"}],"version-history":[{"count":1,"href":"https:\/\/zonaroja.com.mx\/index.php?rest_route=\/wp\/v2\/posts\/60408\/revisions"}],"predecessor-version":[{"id":60410,"href":"https:\/\/zonaroja.com.mx\/index.php?rest_route=\/wp\/v2\/posts\/60408\/revisions\/60410"}],"wp:featuredmedia":[{"embeddable":true,"href":"https:\/\/zonaroja.com.mx\/index.php?rest_route=\/wp\/v2\/media\/60409"}],"wp:attachment":[{"href":"https:\/\/zonaroja.com.mx\/index.php?rest_route=%2Fwp%2Fv2%2Fmedia&parent=60408"}],"wp:term":[{"taxonomy":"category","embeddable":true,"href":"https:\/\/zonaroja.com.mx\/index.php?rest_route=%2Fwp%2Fv2%2Fcategories&post=60408"},{"taxonomy":"post_tag","embeddable":true,"href":"https:\/\/zonaroja.com.mx\/index.php?rest_route=%2Fwp%2Fv2%2Ftags&post=60408"}],"curies":[{"name":"wp","href":"https:\/\/api.w.org\/{rel}","templated":true}]}}