{"id":60411,"date":"2023-09-29T20:27:00","date_gmt":"2023-09-30T01:27:00","guid":{"rendered":"http:\/\/www.zonaroja.com.mx\/?p=60411"},"modified":"2023-09-29T22:27:21","modified_gmt":"2023-09-30T03:27:21","slug":"confirman-que-un-bebe-nacion-en-el-sanitario-del-hospital-de-tuxtepec","status":"publish","type":"post","link":"https:\/\/zonaroja.com.mx\/?p=60411","title":{"rendered":"Confirman que un beb\u00e9 naci\u00f3 en el sanitario del hospital de Tuxtepec"},"content":{"rendered":"\n<p>Redacci\u00f3n\/Zona Roja.<\/p>\n\n\n\n<p>Oaxaca de Ju\u00e1rez, Oax., a 29 de septiembre de 2023.- Un beb\u00e9 naci\u00f3 en un sanitario del hospital de San Juan Bautista Tuxtepec, cuando acudi\u00f3 a hacer sus necesidades fisiol\u00f3gicas, mientras esperaba la atenci\u00f3n m\u00e9dica para su parte.<\/p>\n\n\n\n<p>La dependencia estatal Servicios de Salud de Oaxaca (SSO) inform\u00f3 que se trata de una paciente de 19 a\u00f1os de edad, que dio a luz con 38 semanas de gestaci\u00f3n y el producto se encuentran con signos vitales estables y sin complicaciones.&nbsp;<\/p>\n\n\n\n<p>En un comunicado, afirm\u00f3 que la madre, residente de Loma de Piedra en San Lucas Ojitl\u00e1n, se encuentra cursando un puerperio dentro de los par\u00e1metros normales.&nbsp;<\/p>\n\n\n\n<p>Tambi\u00e9n, que el reci\u00e9n nacido tuvo un peso de dos kilos 330 gramos, midi\u00f3 46 cent\u00edmetros y se encuentra bien de salud, bajo observaci\u00f3n m\u00e9dica, recibiendo los cuidados del personal de salud.<\/p>\n\n\n\n<p>\u201cCabe destacar que el d\u00eda 28 de septiembre, la paciente, quien cursaba su segundo embarazo, ingres\u00f3 al nosocomio de Tuxtepec a las 18:00 horas con adecuada frecuencia card\u00edaca fetal y con dos cent\u00edmetros de dilataci\u00f3n, por lo que se mantuvo en observaci\u00f3n.<\/p>\n\n\n\n<p>\u201cA las 19:55 horas, en espera de que el trabajo de parto avanzara, la paciente acudi\u00f3 al sanitario de la sala de espera donde present\u00f3 expulsi\u00f3n de producto sin que este cayera al piso.<\/p>\n\n\n\n<p>Ante los hechos suscitados, el personal de enfermer\u00eda y m\u00e9dicos acudieron de inmediato a la atenci\u00f3n del binomio, para ingresarlos a tococirug\u00eda\u201dm inform\u00f3.<\/p>\n\n\n\n<p>La dependencia indica que el d\u00eda 28 de septiembre el personal atendi\u00f3 13 partos en este nosocomio, priorizando la atenci\u00f3n de las mujeres embarazadas, con apego a la normatividad vigente y procurando el bienestar de la poblaci\u00f3n.<\/p>\n","protected":false},"excerpt":{"rendered":"<p>Redacci\u00f3n\/Zona Roja. Oaxaca de Ju\u00e1rez, Oax., a 29 de septiembre de 2023.- Un beb\u00e9 naci\u00f3&hellip;<\/p>\n","protected":false},"author":2,"featured_media":18728,"comment_status":"closed","ping_status":"open","sticky":false,"template":"","format":"standard","meta":{"_lmt_disableupdate":"","_lmt_disable":"","_jetpack_memberships_contains_paid_content":false,"footnotes":""},"categories":[109,46],"tags":[1260],"class_list":["post-60411","post","type-post","status-publish","format-standard","has-post-thumbnail","hentry","category-minuto-a-minuto","category-zona-blanca","tag-hospital-general-de-tuxtepec"],"jetpack_featured_media_url":"https:\/\/zonaroja.com.mx\/wp-content\/uploads\/2020\/10\/Hospital-General-Tuxtepec.jpg","jetpack_sharing_enabled":true,"_links":{"self":[{"href":"https:\/\/zonaroja.com.mx\/index.php?rest_route=\/wp\/v2\/posts\/60411","targetHints":{"allow":["GET"]}}],"collection":[{"href":"https:\/\/zonaroja.com.mx\/index.php?rest_route=\/wp\/v2\/posts"}],"about":[{"href":"https:\/\/zonaroja.com.mx\/index.php?rest_route=\/wp\/v2\/types\/post"}],"author":[{"embeddable":true,"href":"https:\/\/zonaroja.com.mx\/index.php?rest_route=\/wp\/v2\/users\/2"}],"replies":[{"embeddable":true,"href":"https:\/\/zonaroja.com.mx\/index.php?rest_route=%2Fwp%2Fv2%2Fcomments&post=60411"}],"version-history":[{"count":2,"href":"https:\/\/zonaroja.com.mx\/index.php?rest_route=\/wp\/v2\/posts\/60411\/revisions"}],"predecessor-version":[{"id":60421,"href":"https:\/\/zonaroja.com.mx\/index.php?rest_route=\/wp\/v2\/posts\/60411\/revisions\/60421"}],"wp:featuredmedia":[{"embeddable":true,"href":"https:\/\/zonaroja.com.mx\/index.php?rest_route=\/wp\/v2\/media\/18728"}],"wp:attachment":[{"href":"https:\/\/zonaroja.com.mx\/index.php?rest_route=%2Fwp%2Fv2%2Fmedia&parent=60411"}],"wp:term":[{"taxonomy":"category","embeddable":true,"href":"https:\/\/zonaroja.com.mx\/index.php?rest_route=%2Fwp%2Fv2%2Fcategories&post=60411"},{"taxonomy":"post_tag","embeddable":true,"href":"https:\/\/zonaroja.com.mx\/index.php?rest_route=%2Fwp%2Fv2%2Ftags&post=60411"}],"curies":[{"name":"wp","href":"https:\/\/api.w.org\/{rel}","templated":true}]}}