{"id":60418,"date":"2023-09-30T08:00:00","date_gmt":"2023-09-30T13:00:00","guid":{"rendered":"http:\/\/www.zonaroja.com.mx\/?p=60418"},"modified":"2023-09-30T07:43:03","modified_gmt":"2023-09-30T12:43:03","slug":"aprueba-congreso-sancionar-despidos-por-embarazo-o-maternidad","status":"publish","type":"post","link":"https:\/\/zonaroja.com.mx\/?p=60418","title":{"rendered":"Aprueba Congreso sancionar despidos por embarazo o maternidad\u00a0"},"content":{"rendered":"\n<p>Redacci\u00f3n\/Zona Roja.<\/p>\n\n\n\n<p>Oaxaca de Ju\u00e1rez, Oax. 30 de septiembre de 2023.- Como parte de las acciones para mitigar la violencia y garantizar condiciones de equidad, el pleno del Congreso aprob\u00f3 las reformas a diversas disposiciones a las leyes de Igualdad entre Mujeres y Hombres para el Estado de Oaxaca y Acceso de las Mujeres a una Vida Libre de Violencia de G\u00e9nero.<\/p>\n\n\n\n<p>Referente a la Ley de Igualdad entre Mujeres y Hombres para el Estado de Oaxaca, se aval\u00f3 la reforma para asegurar que se sancione administrativamente todo despido por embarazo o maternidad, con independencia de las sanciones que establezcan las leyes aplicables.&nbsp;<\/p>\n\n\n\n<p>Asimismo, las autoridades estatales y municipales deber\u00e1n promover la participaci\u00f3n y representaci\u00f3n paritaria entre mujeres y hombres dentro de las estructuras de los partidos pol\u00edticos, para fomentar la participaci\u00f3n paritaria, sin discriminaci\u00f3n en los procesos de selecci\u00f3n, contrataci\u00f3n y ascensos en el servicio civil de carrera de los poderes Ejecutivo, Legislativo y Judicial.<\/p>\n\n\n\n<p>Se modific\u00f3 la Ley Estatal de Acceso de las Mujeres a una Vida Libre de Violencia de G\u00e9nero en sus art\u00edculos 7, 17 y 24 para castigar a quien ejerza violencia simb\u00f3lica medi\u00e1tica perjudicando la integridad y dignidad de la v\u00edctima, adem\u00e1s de que las \u00f3rdenes de protecci\u00f3n a v\u00edctimas son fundamentalmente precautorias y cautelares, por lo que no deben ser condicionadas a la iniciaci\u00f3n de una denuncia o de un proceso judicial o administrativo.<\/p>\n\n\n\n<p>En materia de salud, las autoridades sanitarias estar\u00e1n obligadas a apoyar y fomentar la lactancia materna exclusiva y la alimentaci\u00f3n complementaria oportuna y adecuada, adem\u00e1s de que impulsar\u00e1n la creaci\u00f3n de espacios dignos, higi\u00e9nicos y c\u00e1lidos dentro de sus instalaciones, para que las madres puedan amamantar a sus hijas e hijos o en su caso extraer su leche y conservarla para suministrarla posteriormente.<\/p>\n\n\n\n<p>PRIMER EMPLEO<\/p>\n\n\n\n<p>Con el fin de apoyar a los j\u00f3venes a encontrar un trabajo que les permita apoyarse en su econom\u00eda, el Pleno Parlamentario aprob\u00f3 la reforma a la Ley de Fomento al Primer Empleo para el Estado de Oaxaca por la cual se establece que no se le pedir\u00e1 experiencia laboral a quien tenga un a\u00f1o de egresado de su carrera profesional o se encuentre cursando el \u00faltimo a\u00f1o de \u00e9sta.&nbsp;<\/p>\n\n\n\n<p>Durante la sesi\u00f3n ordinaria, se design\u00f3 a las y los diputados que conformar\u00e1n la Diputaci\u00f3n Permanente del segundo receso del segundo a\u00f1o de ejercicio legal, siendo encabezada por la diputada Clelia Toledo Bernal como presidenta de la Mesa Directiva y como vicepresidenta estar\u00e1 la legisladora Liz Hern\u00e1ndez Matus.<\/p>\n\n\n\n<p>En tanto, como secretarios se designaron a los congresistas Luis Alberto Sosa Castillo, V\u00edctor Ra\u00fal Hern\u00e1ndez L\u00f3pez y la diputada Mar\u00eda Luisa Matus Fuentes. En tanto, las legisladoras suplentes ser\u00e1n Minerva Leonor L\u00f3pez Calder\u00f3n y Leticia Collado Soto.&nbsp;<\/p>\n\n\n\n<p>La 65 Legislatura aval\u00f3 el acuerdo parlamentario presentado por la Junta de Coordinaci\u00f3n Pol\u00edtica por el cual se designa al licenciado Antonio Z\u00e1rate Acevedo como titular del \u00d3rgano Interno de Control de Congreso de Oaxaca por un periodo de un a\u00f1o.<\/p>\n\n\n\n<p>Como de urgente y obvia resoluci\u00f3n en la sesi\u00f3n ordinaria se aprobaron cinco puntos de acuerdo en materia de salud, administraci\u00f3n y procuraci\u00f3n de justicia, educaci\u00f3n, movilidad y asuntos municipales.&nbsp;<\/p>\n\n\n\n<p>En sesi\u00f3n extraordinaria, se aprob\u00f3 la expedici\u00f3n de la Ley de Econom\u00eda Circular, la cual tiene por efecto promover la eficiencia en el uso de los productos, servicios, materiales, energ\u00eda, agua, materias primas secundarias, subproductos a trav\u00e9s de la producci\u00f3n limpia, la reutilizaci\u00f3n, el reciclaje y el redise\u00f1o para cumplir con las pol\u00edticas de Cero Residuos.&nbsp;<\/p>\n\n\n\n<p>Se reform\u00f3 el art\u00edculo 12 de la Constituci\u00f3n Pol\u00edtica del Estado Libre y Soberano de Oaxaca para establecer como edad m\u00ednima para contraer matrimonio los 18 a\u00f1os de edad y se proh\u00edbe cualquier otro tipo de uni\u00f3n con personas menores de edad y no se justificar\u00e1 para realizar esta pr\u00e1ctica a los usos y costumbres.&nbsp;<\/p>\n\n\n\n<p>El Pleno Parlamentario aprob\u00f3 la modificaci\u00f3n a la Ley para la Donaci\u00f3n y Trasplantes de \u00d3rganos, Tejidos y C\u00e9lulas Humanas para el Estado para que sea labor de las autoridades sanitarias, estatales y federales dise\u00f1ar, promover y difundir pol\u00edticas p\u00fablicas para fomentar la cultura de la donaci\u00f3n.<\/p>\n","protected":false},"excerpt":{"rendered":"<p>Redacci\u00f3n\/Zona Roja. Oaxaca de Ju\u00e1rez, Oax. 30 de septiembre de 2023.- Como parte de las&hellip;<\/p>\n","protected":false},"author":2,"featured_media":60413,"comment_status":"closed","ping_status":"open","sticky":false,"template":"","format":"standard","meta":{"_lmt_disableupdate":"","_lmt_disable":"","_jetpack_memberships_contains_paid_content":false,"footnotes":""},"categories":[109,46],"tags":[2743],"class_list":["post-60418","post","type-post","status-publish","format-standard","has-post-thumbnail","hentry","category-minuto-a-minuto","category-zona-blanca","tag-65-legislatura-del-estado-de-oaxaca"],"jetpack_featured_media_url":"https:\/\/zonaroja.com.mx\/wp-content\/uploads\/2023\/09\/Sesion-diputados-Congreso-Oaxaca.jpeg","jetpack_sharing_enabled":true,"_links":{"self":[{"href":"https:\/\/zonaroja.com.mx\/index.php?rest_route=\/wp\/v2\/posts\/60418","targetHints":{"allow":["GET"]}}],"collection":[{"href":"https:\/\/zonaroja.com.mx\/index.php?rest_route=\/wp\/v2\/posts"}],"about":[{"href":"https:\/\/zonaroja.com.mx\/index.php?rest_route=\/wp\/v2\/types\/post"}],"author":[{"embeddable":true,"href":"https:\/\/zonaroja.com.mx\/index.php?rest_route=\/wp\/v2\/users\/2"}],"replies":[{"embeddable":true,"href":"https:\/\/zonaroja.com.mx\/index.php?rest_route=%2Fwp%2Fv2%2Fcomments&post=60418"}],"version-history":[{"count":2,"href":"https:\/\/zonaroja.com.mx\/index.php?rest_route=\/wp\/v2\/posts\/60418\/revisions"}],"predecessor-version":[{"id":60425,"href":"https:\/\/zonaroja.com.mx\/index.php?rest_route=\/wp\/v2\/posts\/60418\/revisions\/60425"}],"wp:featuredmedia":[{"embeddable":true,"href":"https:\/\/zonaroja.com.mx\/index.php?rest_route=\/wp\/v2\/media\/60413"}],"wp:attachment":[{"href":"https:\/\/zonaroja.com.mx\/index.php?rest_route=%2Fwp%2Fv2%2Fmedia&parent=60418"}],"wp:term":[{"taxonomy":"category","embeddable":true,"href":"https:\/\/zonaroja.com.mx\/index.php?rest_route=%2Fwp%2Fv2%2Fcategories&post=60418"},{"taxonomy":"post_tag","embeddable":true,"href":"https:\/\/zonaroja.com.mx\/index.php?rest_route=%2Fwp%2Fv2%2Ftags&post=60418"}],"curies":[{"name":"wp","href":"https:\/\/api.w.org\/{rel}","templated":true}]}}