{"id":60422,"date":"2023-09-30T07:42:11","date_gmt":"2023-09-30T12:42:11","guid":{"rendered":"http:\/\/www.zonaroja.com.mx\/?p=60422"},"modified":"2023-09-30T07:42:14","modified_gmt":"2023-09-30T12:42:14","slug":"fueron-tres-los-asesinados-en-sinaloa-tras-ingreso-de-sicarios-a-clinica","status":"publish","type":"post","link":"https:\/\/zonaroja.com.mx\/?p=60422","title":{"rendered":"Fueron tres los asesinados en Sinaloa, tras ingreso de sicarios a cl\u00ednica"},"content":{"rendered":"\n<p>Redacci\u00f3n\/Zona Roja Cdmx.<\/p>\n\n\n\n<p>Ciudad de M\u00e9xico, a 30 de septiembre de 2023.- Tres personas fueron ultimadas por sujetos armados que entraron a la cl\u00ednica particular en Culiac\u00e1n, dos eran pacientes que hab\u00eda ingresado por heridas de bala en la sierra de Badiraguato, el otro era Otniel Everardo Montoya, el m\u00e9dico que los atend\u00eda. Ante esto, la Sociedad Sinaloense de Especialistas en Medicina de Emergencias (SSIME) exigi\u00f3 justicia por el homicidio del galeno.<\/p>\n\n\n\n<p>Autoridades de la Secretar\u00eda de Seguridad P\u00fablica del Estado precisaron que fueron tres las personas que fallecieron dentro del inmueble, un doctor y dos civiles.<\/p>\n\n\n\n<p>El ataque se perpetr\u00f3 la tarde-noche del jueves, cuando un grupo de sujetos armados irrumpieron en la cl\u00ednica Culiac\u00e1n, ubicada en el centro de la capital, donde tiempo antes hab\u00edan ingresado dos personas que hab\u00edan sido heridas con proyectiles de armas de fuego procedentes de la sierra de Badiraguato.<\/p>\n\n\n\n<p>Los responsables dispararon contra los lesionados que en ese momento eran atendidos por el doctor Everardo Montoya.<\/p>\n\n\n\n<p>La balacera creo p\u00e1nico entre los asistentes, quienes buscaron esconderse y fue as\u00ed que el m\u00e9dico fue alcanzado por una bala.<\/p>\n\n\n\n<p>La sociedad de especialistas en medicina exigi\u00f3 en un mensaje justicia por el m\u00e9dico, as\u00ed como condiciones de seguridad para la comunidad m\u00e9dica en hospitales p\u00fablicos y privados, para quienes ejercen la profesi\u00f3n y lament\u00f3 el asesinato de su colega y amigo, quien se desempe\u00f1aba como m\u00e9dico urgenci\u00f3logo y era gran persona.<\/p>\n\n\n\n<p>Otniel Montoya termin\u00f3 en 2020 su residencia, durante la semana laboraba en la cl\u00ednica privada en Culiac\u00e1n y se desempe\u00f1aba como m\u00e9dico urgenci\u00f3logo los fines de semana en la cl\u00ednica del IMSS, en el municipio de Guam\u00fachil, era originario de la localidad de Angostura, Sinaloa.<\/p>\n\n\n\n<p>El secretario de Salud en Sinaloa, Cuitl\u00e1huac Gonz\u00e1lez Galindo, lament\u00f3 el deceso e hizo un llamado a las autoridades de Seguridad P\u00fablica para que fortalezcan la vigilancia en las instituciones de salud, pues en todos los lugares donde se ofrecen servicios m\u00e9dicos deben notificar cuando ingresan pacientes con caracter\u00edsticas de alto riesgo para evitar poner en peligro al personal.<\/p>\n\n\n\n<p>(Informaci\u00f3n de \u201cLa Jornada\u201d)<\/p>\n","protected":false},"excerpt":{"rendered":"<p>Redacci\u00f3n\/Zona Roja Cdmx. Ciudad de M\u00e9xico, a 30 de septiembre de 2023.- Tres personas fueron&hellip;<\/p>\n","protected":false},"author":2,"featured_media":60423,"comment_status":"closed","ping_status":"open","sticky":false,"template":"","format":"standard","meta":{"_lmt_disableupdate":"","_lmt_disable":"","_jetpack_memberships_contains_paid_content":false,"footnotes":""},"categories":[109,51],"tags":[1335],"class_list":["post-60422","post","type-post","status-publish","format-standard","has-post-thumbnail","hentry","category-minuto-a-minuto","category-zona-roja","tag-culiacan-sinaloa"],"jetpack_featured_media_url":"https:\/\/zonaroja.com.mx\/wp-content\/uploads\/2023\/09\/Clinica-Culiacan-sicarios.webp","jetpack_sharing_enabled":true,"_links":{"self":[{"href":"https:\/\/zonaroja.com.mx\/index.php?rest_route=\/wp\/v2\/posts\/60422","targetHints":{"allow":["GET"]}}],"collection":[{"href":"https:\/\/zonaroja.com.mx\/index.php?rest_route=\/wp\/v2\/posts"}],"about":[{"href":"https:\/\/zonaroja.com.mx\/index.php?rest_route=\/wp\/v2\/types\/post"}],"author":[{"embeddable":true,"href":"https:\/\/zonaroja.com.mx\/index.php?rest_route=\/wp\/v2\/users\/2"}],"replies":[{"embeddable":true,"href":"https:\/\/zonaroja.com.mx\/index.php?rest_route=%2Fwp%2Fv2%2Fcomments&post=60422"}],"version-history":[{"count":1,"href":"https:\/\/zonaroja.com.mx\/index.php?rest_route=\/wp\/v2\/posts\/60422\/revisions"}],"predecessor-version":[{"id":60424,"href":"https:\/\/zonaroja.com.mx\/index.php?rest_route=\/wp\/v2\/posts\/60422\/revisions\/60424"}],"wp:featuredmedia":[{"embeddable":true,"href":"https:\/\/zonaroja.com.mx\/index.php?rest_route=\/wp\/v2\/media\/60423"}],"wp:attachment":[{"href":"https:\/\/zonaroja.com.mx\/index.php?rest_route=%2Fwp%2Fv2%2Fmedia&parent=60422"}],"wp:term":[{"taxonomy":"category","embeddable":true,"href":"https:\/\/zonaroja.com.mx\/index.php?rest_route=%2Fwp%2Fv2%2Fcategories&post=60422"},{"taxonomy":"post_tag","embeddable":true,"href":"https:\/\/zonaroja.com.mx\/index.php?rest_route=%2Fwp%2Fv2%2Ftags&post=60422"}],"curies":[{"name":"wp","href":"https:\/\/api.w.org\/{rel}","templated":true}]}}