{"id":60428,"date":"2023-09-30T14:00:00","date_gmt":"2023-09-30T19:00:00","guid":{"rendered":"http:\/\/www.zonaroja.com.mx\/?p=60428"},"modified":"2023-09-30T08:13:23","modified_gmt":"2023-09-30T13:13:23","slug":"guelatao-sede-del-encuentro-dialogo-entre-justicias-con-ministra-de-la-scjn","status":"publish","type":"post","link":"https:\/\/zonaroja.com.mx\/?p=60428","title":{"rendered":"Guelatao, sede del encuentro\u00a0\u201cDi\u00e1logo entre justicias\u201d, con ministra de la SCJN"},"content":{"rendered":"\n<p>Redacci\u00f3n\/Zona Roja.<\/p>\n\n\n\n<p>Oaxaca de Ju\u00e1rez, Oax., a 30 de septiembre de 2023.- En un encuentro sin precedentes&nbsp;en Oaxaca, el titular del Poder Judicial del Estado, magistrado Eduardo Pinacho S\u00e1nchez, acompa\u00f1\u00f3 a la ministra de la Suprema Corte de Justicia de la Naci\u00f3n,&nbsp;Loretta Ortiz&nbsp;Ahlf,&nbsp;en&nbsp;un \u201cDi\u00e1logo entre justicias\u201d, que tuvo como sede San Pablo Guelatao y reuni\u00f3 a las&nbsp;autoridades de&nbsp;esta comunidad serrana&nbsp;y de&nbsp;Santa Catarina&nbsp;Ixtepeji, Santa Mar\u00eda&nbsp;Jaltianguis, San Juan&nbsp;Chicomez\u00fachil&nbsp;y&nbsp;Capul\u00e1lpam&nbsp;de M\u00e9ndez.<\/p>\n\n\n\n<p>Desde el Poder Judicial del Estado de Oaxaca, se ha&nbsp;impulsado&nbsp;el respeto a la multiculturalidad, lo que&nbsp;implica realizar acciones diversas, entre ellas conocer la forma en la que las personas, pueblos y comunidades ind\u00edgenas, resuelven sus conflictos y participan en estas decisiones,&nbsp;en&nbsp;el \u00e1mbito de sus&nbsp;competencias.&nbsp;<\/p>\n\n\n\n<p>En el encuentro, al que tambi\u00e9n asistieron&nbsp;magistrados y una magistrada del Tribunal Superior de Justicia del Estado, las autoridades que se rigen por sistemas normativos internos y aplican su jurisdicci\u00f3n ind\u00edgena,&nbsp;compartieron&nbsp;puntos de vista relacionados con el acceso a la justicia, desde sus visiones&nbsp;en&nbsp;un intercambio y di\u00e1logo&nbsp;abierto&nbsp;enriquecedor.<\/p>\n\n\n\n<p>Al dar la&nbsp;bienvenida,&nbsp;el&nbsp;presidente&nbsp;municipal de San Pablo Guelatao,&nbsp;Aldo Gonz\u00e1lez Rojas&nbsp;destac\u00f3 la importancia de la visita de la Ministra Loretta Ortiz&nbsp;Ahlf, a un lugar emblem\u00e1tico e hist\u00f3rico para escuchar a las autoridades que, en muchas ocasiones, no comparten las formas monistas de ver, saber y entender el acceso a la justicia.<\/p>\n\n\n\n<p>En su&nbsp;intervenci\u00f3n, el Magistrado Pinacho S\u00e1nchez, refrend\u00f3 el compromiso&nbsp;del Poder Judicial de respetar y hacer valer las jurisdicciones ind\u00edgenas en Oaxaca; adem\u00e1s de comentar&nbsp;la&nbsp;experiencia con la Sala de Justicia Ind\u00edgena en el Poder Judicial del Estado de M\u00e9xico&nbsp;y&nbsp;sobre&nbsp;diversas&nbsp;actividades que la judicatura ha realizado para poner en la agenda el tema del Pluralismo Jur\u00eddico.<\/p>\n\n\n\n<p>En este marco se presentaron&nbsp;los alcances y logros&nbsp;en la Sala de Justicia Ind\u00edgena y Quinta Sala Penal Colegiada del Tribunal Superior de Justicia del Estado y el reconocimiento que realiz\u00f3 la Suprema Corte de Justicia de la Naci\u00f3n sobre la jurisdicci\u00f3n ind\u00edgena.<\/p>\n","protected":false},"excerpt":{"rendered":"<p>Redacci\u00f3n\/Zona Roja. Oaxaca de Ju\u00e1rez, Oax., a 30 de septiembre de 2023.- En un encuentro&hellip;<\/p>\n","protected":false},"author":2,"featured_media":60412,"comment_status":"closed","ping_status":"open","sticky":false,"template":"","format":"standard","meta":{"_lmt_disableupdate":"","_lmt_disable":"","_jetpack_memberships_contains_paid_content":false,"footnotes":""},"categories":[109,46],"tags":[223],"class_list":["post-60428","post","type-post","status-publish","format-standard","has-post-thumbnail","hentry","category-minuto-a-minuto","category-zona-blanca","tag-poder-judicial-de-oaxaca"],"jetpack_featured_media_url":"https:\/\/zonaroja.com.mx\/wp-content\/uploads\/2023\/09\/Guelatao-sede-de-encuentro-sin-precedentes.jpg","jetpack_sharing_enabled":true,"_links":{"self":[{"href":"https:\/\/zonaroja.com.mx\/index.php?rest_route=\/wp\/v2\/posts\/60428","targetHints":{"allow":["GET"]}}],"collection":[{"href":"https:\/\/zonaroja.com.mx\/index.php?rest_route=\/wp\/v2\/posts"}],"about":[{"href":"https:\/\/zonaroja.com.mx\/index.php?rest_route=\/wp\/v2\/types\/post"}],"author":[{"embeddable":true,"href":"https:\/\/zonaroja.com.mx\/index.php?rest_route=\/wp\/v2\/users\/2"}],"replies":[{"embeddable":true,"href":"https:\/\/zonaroja.com.mx\/index.php?rest_route=%2Fwp%2Fv2%2Fcomments&post=60428"}],"version-history":[{"count":1,"href":"https:\/\/zonaroja.com.mx\/index.php?rest_route=\/wp\/v2\/posts\/60428\/revisions"}],"predecessor-version":[{"id":60429,"href":"https:\/\/zonaroja.com.mx\/index.php?rest_route=\/wp\/v2\/posts\/60428\/revisions\/60429"}],"wp:featuredmedia":[{"embeddable":true,"href":"https:\/\/zonaroja.com.mx\/index.php?rest_route=\/wp\/v2\/media\/60412"}],"wp:attachment":[{"href":"https:\/\/zonaroja.com.mx\/index.php?rest_route=%2Fwp%2Fv2%2Fmedia&parent=60428"}],"wp:term":[{"taxonomy":"category","embeddable":true,"href":"https:\/\/zonaroja.com.mx\/index.php?rest_route=%2Fwp%2Fv2%2Fcategories&post=60428"},{"taxonomy":"post_tag","embeddable":true,"href":"https:\/\/zonaroja.com.mx\/index.php?rest_route=%2Fwp%2Fv2%2Ftags&post=60428"}],"curies":[{"name":"wp","href":"https:\/\/api.w.org\/{rel}","templated":true}]}}