{"id":60433,"date":"2023-09-30T11:00:00","date_gmt":"2023-09-30T16:00:00","guid":{"rendered":"http:\/\/www.zonaroja.com.mx\/?p=60433"},"modified":"2023-09-30T08:33:35","modified_gmt":"2023-09-30T13:33:35","slug":"liberan-a-profesor-y-dirigente-mazateco-de-eloxochitlan","status":"publish","type":"post","link":"https:\/\/zonaroja.com.mx\/?p=60433","title":{"rendered":"Liberan a profesor y dirigente mazateco de Eloxochitl\u00e1n"},"content":{"rendered":"\n<p>Redacci\u00f3n\/Zona Roja.<\/p>\n\n\n\n<p>Oaxaca de Ju\u00e1rez, Oax., a 30 de septiembre de 2023.- Luego de nueve a\u00f1os, Herminio Monfil y el profesor y dirigente ind\u00edgena Mazateco Jaime Betanzos Fuentes, obtuvieron su libertad, la noche del pasado jueves.<\/p>\n\n\n\n<p>Lo anterior al modificar un juez del Tribunal Superior de Justicia del Estado la medida cautelar de prisi\u00f3n preventiva, por lo que seguir\u00e1n en libertad su proceso por el delito de homicidio de dos personas.<\/p>\n\n\n\n<p>Ambos est\u00e1n acusados de asesinar a Gustavo Estrada y Manuel Zepeda Lagunas -hermano de la hoy secretaria de las Mujeres del gobierno de Oaxaca, Elisa Zepeda Lagunas-, el pasado 14 de diciembre de 2014, en el municipio de Eloxochitl\u00e1n de Flores Mag\u00f3n.<\/p>\n\n\n\n<p>De acuerdo con el colectivo ind\u00edgena que ha llevado defendido a los detenidos, el juez de la causa tom\u00f3 en cuenta las determinaciones de la Corte Interamericana de Derechos Humanos sobre la prisi\u00f3n preventiva, que considera como violatoria de los derechos humanos.<\/p>\n\n\n\n<p>A\u00fan faltan por obtener su libertad otros tres acusados, que son Alfredo Bola\u00f1os, Fernando Gavito y Francisco Dur\u00e1n.<\/p>\n\n\n\n<p>Los familiares de los detenidos consideraron un triunfo la excarcelaci\u00f3n de dos de los cinco detenidos, pero demandaron la libertada para todos. Insistieron en que son inocentes de los delitos de homicidio de que los acusa la familia de la funcionaria Elisa Zepeda Lagunas y a cuyo padre han calificado como cacique de la zona.<\/p>\n","protected":false},"excerpt":{"rendered":"<p>Redacci\u00f3n\/Zona Roja. Oaxaca de Ju\u00e1rez, Oax., a 30 de septiembre de 2023.- Luego de nueve&hellip;<\/p>\n","protected":false},"author":2,"featured_media":60434,"comment_status":"closed","ping_status":"open","sticky":false,"template":"","format":"standard","meta":{"_lmt_disableupdate":"","_lmt_disable":"","_jetpack_memberships_contains_paid_content":false,"footnotes":""},"categories":[109,46],"tags":[719],"class_list":["post-60433","post","type-post","status-publish","format-standard","has-post-thumbnail","hentry","category-minuto-a-minuto","category-zona-blanca","tag-eloxochitlan-de-flores-magon"],"jetpack_featured_media_url":"https:\/\/zonaroja.com.mx\/wp-content\/uploads\/2023\/09\/Eloxochitlan-detenidos-Elisa-Zapeda.jpeg","jetpack_sharing_enabled":true,"_links":{"self":[{"href":"https:\/\/zonaroja.com.mx\/index.php?rest_route=\/wp\/v2\/posts\/60433","targetHints":{"allow":["GET"]}}],"collection":[{"href":"https:\/\/zonaroja.com.mx\/index.php?rest_route=\/wp\/v2\/posts"}],"about":[{"href":"https:\/\/zonaroja.com.mx\/index.php?rest_route=\/wp\/v2\/types\/post"}],"author":[{"embeddable":true,"href":"https:\/\/zonaroja.com.mx\/index.php?rest_route=\/wp\/v2\/users\/2"}],"replies":[{"embeddable":true,"href":"https:\/\/zonaroja.com.mx\/index.php?rest_route=%2Fwp%2Fv2%2Fcomments&post=60433"}],"version-history":[{"count":1,"href":"https:\/\/zonaroja.com.mx\/index.php?rest_route=\/wp\/v2\/posts\/60433\/revisions"}],"predecessor-version":[{"id":60435,"href":"https:\/\/zonaroja.com.mx\/index.php?rest_route=\/wp\/v2\/posts\/60433\/revisions\/60435"}],"wp:featuredmedia":[{"embeddable":true,"href":"https:\/\/zonaroja.com.mx\/index.php?rest_route=\/wp\/v2\/media\/60434"}],"wp:attachment":[{"href":"https:\/\/zonaroja.com.mx\/index.php?rest_route=%2Fwp%2Fv2%2Fmedia&parent=60433"}],"wp:term":[{"taxonomy":"category","embeddable":true,"href":"https:\/\/zonaroja.com.mx\/index.php?rest_route=%2Fwp%2Fv2%2Fcategories&post=60433"},{"taxonomy":"post_tag","embeddable":true,"href":"https:\/\/zonaroja.com.mx\/index.php?rest_route=%2Fwp%2Fv2%2Ftags&post=60433"}],"curies":[{"name":"wp","href":"https:\/\/api.w.org\/{rel}","templated":true}]}}