{"id":60439,"date":"2023-09-30T15:42:00","date_gmt":"2023-09-30T20:42:00","guid":{"rendered":"http:\/\/www.zonaroja.com.mx\/?p=60439"},"modified":"2023-09-30T08:44:41","modified_gmt":"2023-09-30T13:44:41","slug":"la-fotografa-mexicana-graciela-iturbide-obtiene-el-premio-william-klein","status":"publish","type":"post","link":"https:\/\/zonaroja.com.mx\/?p=60439","title":{"rendered":"La fot\u00f3grafa mexicana Graciela Iturbide obtiene el premio William Klein"},"content":{"rendered":"\n<p>Redacci\u00f3n\/Zona Roja Cdmx.<\/p>\n\n\n\n<p>Ciudad de M\u00e9xico, a 30 de septiembre de 2023.- La fot\u00f3grafa mexicana Graciela Iturbide fue galardonada con el Premio William Klein, que otorga cada dos a\u00f1os la Academia de Bellas Artes francesa, inform\u00f3 un comunicado de esa entidad este viernes.<\/p>\n\n\n\n<p>El premio, dotado con 120.000 euros (unos 132.000 d\u00f3lares), ser\u00e1 entregado a la artista el pr\u00f3ximo 18 de octubre.<\/p>\n\n\n\n<p>Creado en 2019 en colaboraci\u00f3n con el museo de Chengdu (China), el premio ha sido entregado anteriormente al fot\u00f3grafo indio Raghu Rai en 2019 y a la estadounidense Annie Leibovitz en 2021.<\/p>\n\n\n\n<p>\u201cGraciela Iturbide es un \u00edcono de la fotograf\u00eda, particularmente famosa por sus retratos de los indios seri del desierto de Sonora, las mujeres de Juchit\u00e1n, as\u00ed como por sus proyectos fotogr\u00e1ficos dedicados a las comunidades y tradiciones ancestrales de M\u00e9xico\u201d, recuerda el comunicado.<\/p>\n\n\n\n<p>\u201cDesde los a\u00f1os 70 crea im\u00e1genes que navegan entre un enfoque documental y una sensibilidad po\u00e9tica, prestando especial atenci\u00f3n a los paisajes y los objetos\u201d, a\u00f1ade.<\/p>\n\n\n\n<p>Graciela Iturbide (81 a\u00f1os) fue objeto de una gran retrospectiva, la primera en Francia, en febrero de 2022 en la Fundaci\u00f3n Cartier de Par\u00eds.<\/p>\n\n\n\n<p>\u201cPara ser buen fot\u00f3grafo hay que tener pasi\u00f3n y disciplina, nada m\u00e1s. Y puede ser a la vuelta de tu casa si quieres. Pero claro, si quieres conocer el mundo y tienes una c\u00e1mara, es maravilloso\u201d, declaraba a la fot\u00f3grafa a la AFP en esa ocasi\u00f3n.<\/p>\n\n\n\n<p>(Con informaci\u00f3n de AFP, en Infobae M\u00e9xico)<\/p>\n","protected":false},"excerpt":{"rendered":"<p>Redacci\u00f3n\/Zona Roja Cdmx. Ciudad de M\u00e9xico, a 30 de septiembre de 2023.- La fot\u00f3grafa mexicana&hellip;<\/p>\n","protected":false},"author":2,"featured_media":60440,"comment_status":"closed","ping_status":"open","sticky":false,"template":"","format":"standard","meta":{"_lmt_disableupdate":"","_lmt_disable":"","_jetpack_memberships_contains_paid_content":false,"footnotes":""},"categories":[109,46],"tags":[3691],"class_list":["post-60439","post","type-post","status-publish","format-standard","has-post-thumbnail","hentry","category-minuto-a-minuto","category-zona-blanca","tag-graciela-iturbide"],"jetpack_featured_media_url":"https:\/\/zonaroja.com.mx\/wp-content\/uploads\/2023\/09\/Graciela-Iturbide.jpeg","jetpack_sharing_enabled":true,"_links":{"self":[{"href":"https:\/\/zonaroja.com.mx\/index.php?rest_route=\/wp\/v2\/posts\/60439","targetHints":{"allow":["GET"]}}],"collection":[{"href":"https:\/\/zonaroja.com.mx\/index.php?rest_route=\/wp\/v2\/posts"}],"about":[{"href":"https:\/\/zonaroja.com.mx\/index.php?rest_route=\/wp\/v2\/types\/post"}],"author":[{"embeddable":true,"href":"https:\/\/zonaroja.com.mx\/index.php?rest_route=\/wp\/v2\/users\/2"}],"replies":[{"embeddable":true,"href":"https:\/\/zonaroja.com.mx\/index.php?rest_route=%2Fwp%2Fv2%2Fcomments&post=60439"}],"version-history":[{"count":1,"href":"https:\/\/zonaroja.com.mx\/index.php?rest_route=\/wp\/v2\/posts\/60439\/revisions"}],"predecessor-version":[{"id":60441,"href":"https:\/\/zonaroja.com.mx\/index.php?rest_route=\/wp\/v2\/posts\/60439\/revisions\/60441"}],"wp:featuredmedia":[{"embeddable":true,"href":"https:\/\/zonaroja.com.mx\/index.php?rest_route=\/wp\/v2\/media\/60440"}],"wp:attachment":[{"href":"https:\/\/zonaroja.com.mx\/index.php?rest_route=%2Fwp%2Fv2%2Fmedia&parent=60439"}],"wp:term":[{"taxonomy":"category","embeddable":true,"href":"https:\/\/zonaroja.com.mx\/index.php?rest_route=%2Fwp%2Fv2%2Fcategories&post=60439"},{"taxonomy":"post_tag","embeddable":true,"href":"https:\/\/zonaroja.com.mx\/index.php?rest_route=%2Fwp%2Fv2%2Ftags&post=60439"}],"curies":[{"name":"wp","href":"https:\/\/api.w.org\/{rel}","templated":true}]}}