{"id":60442,"date":"2023-09-30T13:45:00","date_gmt":"2023-09-30T18:45:00","guid":{"rendered":"http:\/\/www.zonaroja.com.mx\/?p=60442"},"modified":"2023-09-30T08:51:34","modified_gmt":"2023-09-30T13:51:34","slug":"reportan-otra-desaparicion-colectiva-de-jovenes-ahora-en-zapopan","status":"publish","type":"post","link":"https:\/\/zonaroja.com.mx\/?p=60442","title":{"rendered":"Reportan otra desaparici\u00f3n colectiva de j\u00f3venes, ahora en Zapopan"},"content":{"rendered":"\n<p>Redacci\u00f3n\/Zona Roja Cdmx.<\/p>\n\n\n\n<p>Ciudad de M\u00e9xico, a 30 de septiembre de 2023.- Se reporta una nueva desaparici\u00f3n colectiva en Jalisco, se trata de tres hombres que llevan cinco d\u00edas sin ser localizados.<\/p>\n\n\n\n<p>Los tres son trabajadores de la construcci\u00f3n, y lo \u00faltimo que se supo de ellos fue que salieron a trabajar el pasado lunes 25 de septiembre, de sus domicilios en la colonia Santa Ana Tepetitl\u00e1n, del municipio de Zapopan.<\/p>\n\n\n\n<p>Sus familiares presumen que pudieron haber sido privados de su libertad, y ante las actitudes indiferentes de la Fiscal\u00eda de Jalisco, bloquearon la principal avenida de ingreso al \u00e1rea metropolitana de Guadalajara.<\/p>\n\n\n\n<p>Fueron alrededor de 70 personas, que durante la noche del pasado martes cerraron la circulaci\u00f3n en el cruce de la Avenida L\u00f3pez Mateos, y Camino a Santa Ana Tepetitl\u00e1n, para exigir la b\u00fasqueda de los tres desaparecidos.<\/p>\n\n\n\n<p>Los manifestantes gritaban consignas como: \u201c\u00a1vivos se los llevaron, vivos los queremos!\u201d, y de forma intermitente tambi\u00e9n bloqueaban la Avenida L\u00f3pez Mateos en el sentido de perif\u00e9rico hacia San Agust\u00edn, justo debajo del puente peatonal.<\/p>\n\n\n\n<p>La vialidad es tambi\u00e9n, el \u00fanico camino para llegar n\u00facleos habitacionales muy densos como Santa Anita, y San Agust\u00edn, hasta que personal de la polic\u00eda del estado lleg\u00f3 para \u201cdialogar\u201d con las personas y convencerlas de que abrieran la vialidad.<\/p>\n\n\n\n<p>Posteriormente la Comisi\u00f3n de B\u00fasqueda de Personas del Estado de Jalisco public\u00f3 sus c\u00e9dulas de b\u00fasqueda, y su personal encauz\u00f3 la carpeta de investigaci\u00f3n sobre la denuncia por su desaparici\u00f3n.<\/p>\n\n\n\n<p>De acuerdo a las fichas emitidas por la Comisi\u00f3n Estatal de B\u00fasqueda, uno de los ausentes es Jes\u00fas Fernando M\u00e1rquez D\u00edaz, de 19 a\u00f1os de edad, quien tiene, como se\u00f1a particular, una cicatriz en la barbilla.<\/p>\n\n\n\n<p>Es de cabello casta\u00f1o oscuro, lacio y corto, de tez morena clara, de complexi\u00f3n delgada y mide un metro con 83 cent\u00edmetros de estatura. Vest\u00eda una sudadera negra con rayas grises en el pecho, un short negro con l\u00edneas verdes y calzaba unos tenis negros con suela blanca.<\/p>\n\n\n\n<p>El segundo desaparecido es Sergio D\u00edaz Corona de 38 a\u00f1os de edad, tiene un tatuaje con el n\u00famero 13 en la mano derecha y un pavo real en el brazo derecho.<\/p>\n\n\n\n<p>Es de cabello casta\u00f1o oscuro, lacio y corto; de tez morena clara, delgado y mide un metro 67 cent\u00edmetros de estatura. Vest\u00eda un pantal\u00f3n de mezclilla Sur un su\u00e9ter negro y tenis uno en color negro y otro blanco.<\/p>\n\n\n\n<p>El otro es Julio C\u00e9sar Rodr\u00edguez Guti\u00e9rrez, de 28 a\u00f1os, quien tiene un tatuaje con la imagen de una calavera en el hombro izquierdo, la imagen de Cristo en el brazo derecho, una figura femenina azteca en la mano izquierda, y la leyenda \u201cNort\u201d en el pecho y una cicatriz en la barbilla.<\/p>\n\n\n\n<p>Al momento se desconocen m\u00e1s datos sobre los afectados.<\/p>\n\n\n\n<p>FOSAS CLANDESTINAS<\/p>\n\n\n\n<p>En Santa Ana Tepetitl\u00e1n, un pueblito absorbido por la mancha urbana, se han localizado tres fosas clandestinas por parte de los colectivos Luz de Esperanza y Madres Buscadoras de Jalisco.<\/p>\n\n\n\n<p>Los puntos de inhumaci\u00f3n clandestina se ubican en el cerro de Bugambilias, y otro en el cruce de las calles Mariano Abasolo y Matamoros,<\/p>\n\n\n\n<p>Una de las activistas, Mar\u00eda de Jes\u00fas inform\u00f3 que se han localizado al menos tres cuerpos segmentados, pues debajo de esos hay m\u00e1s, \u201ccomo que hay varios, van a estar levantando para no alterar las partes y no estropearlo\u201d.<\/p>\n\n\n\n<p>Los peritos forenses han encontrado objetos como zapatos, blusas, perfumes, desodorantes y una identificaci\u00f3n de mujer.<\/p>\n\n\n\n<p>La Fiscal\u00eda especial en personas desaparecidas, trabaja en el sitio con una retroexcavadora, adem\u00e1s de equipo especial como detectores de metal.<\/p>\n\n\n\n<p>(Informaci\u00f3n de \u201cEl Financiero\u201d)<\/p>\n","protected":false},"excerpt":{"rendered":"<p>Redacci\u00f3n\/Zona Roja Cdmx. Ciudad de M\u00e9xico, a 30 de septiembre de 2023.- Se reporta una&hellip;<\/p>\n","protected":false},"author":2,"featured_media":60443,"comment_status":"closed","ping_status":"open","sticky":false,"template":"","format":"standard","meta":{"_lmt_disableupdate":"","_lmt_disable":"","_jetpack_memberships_contains_paid_content":false,"footnotes":""},"categories":[109,47],"tags":[2437],"class_list":["post-60442","post","type-post","status-publish","format-standard","has-post-thumbnail","hentry","category-minuto-a-minuto","category-zona-gris","tag-zapopan-jalisco"],"jetpack_featured_media_url":"https:\/\/zonaroja.com.mx\/wp-content\/uploads\/2023\/09\/Desaparecidos-Zapopan-Jalisco.jpeg","jetpack_sharing_enabled":true,"_links":{"self":[{"href":"https:\/\/zonaroja.com.mx\/index.php?rest_route=\/wp\/v2\/posts\/60442","targetHints":{"allow":["GET"]}}],"collection":[{"href":"https:\/\/zonaroja.com.mx\/index.php?rest_route=\/wp\/v2\/posts"}],"about":[{"href":"https:\/\/zonaroja.com.mx\/index.php?rest_route=\/wp\/v2\/types\/post"}],"author":[{"embeddable":true,"href":"https:\/\/zonaroja.com.mx\/index.php?rest_route=\/wp\/v2\/users\/2"}],"replies":[{"embeddable":true,"href":"https:\/\/zonaroja.com.mx\/index.php?rest_route=%2Fwp%2Fv2%2Fcomments&post=60442"}],"version-history":[{"count":1,"href":"https:\/\/zonaroja.com.mx\/index.php?rest_route=\/wp\/v2\/posts\/60442\/revisions"}],"predecessor-version":[{"id":60444,"href":"https:\/\/zonaroja.com.mx\/index.php?rest_route=\/wp\/v2\/posts\/60442\/revisions\/60444"}],"wp:featuredmedia":[{"embeddable":true,"href":"https:\/\/zonaroja.com.mx\/index.php?rest_route=\/wp\/v2\/media\/60443"}],"wp:attachment":[{"href":"https:\/\/zonaroja.com.mx\/index.php?rest_route=%2Fwp%2Fv2%2Fmedia&parent=60442"}],"wp:term":[{"taxonomy":"category","embeddable":true,"href":"https:\/\/zonaroja.com.mx\/index.php?rest_route=%2Fwp%2Fv2%2Fcategories&post=60442"},{"taxonomy":"post_tag","embeddable":true,"href":"https:\/\/zonaroja.com.mx\/index.php?rest_route=%2Fwp%2Fv2%2Ftags&post=60442"}],"curies":[{"name":"wp","href":"https:\/\/api.w.org\/{rel}","templated":true}]}}