{"id":60447,"date":"2023-09-30T17:03:28","date_gmt":"2023-09-30T22:03:28","guid":{"rendered":"http:\/\/www.zonaroja.com.mx\/?p=60447"},"modified":"2023-09-30T17:03:29","modified_gmt":"2023-09-30T22:03:29","slug":"instalan-en-congreso-diputacion-permanente-preside-clelia-toledo-bernal","status":"publish","type":"post","link":"https:\/\/zonaroja.com.mx\/?p=60447","title":{"rendered":"Instalan en Congreso Diputaci\u00f3n Permanente; preside Clelia Toledo Bernal"},"content":{"rendered":"\n<p>Redacci\u00f3n\/Zona Roja.<\/p>\n\n\n\n<p>Oaxaca de Ju\u00e1rez, Oax. 30 de septiembre de 2023.- Este s\u00e1bado se instal\u00f3 la Diputaci\u00f3n Permanente correspondiente al segundo receso del segundo a\u00f1o de ejercicio constitucional de la 65 Legislatura del Congreso de Oaxaca.<\/p>\n\n\n\n<p>Esta Diputaci\u00f3n Permanente est\u00e1 conformada por las diputadas Clelia Toledo Bernal como presidenta y Liz Hern\u00e1ndez Matus como vicepresidenta, mientras que los congresistas Luis Alberto Sosa Castillo, V\u00edctor Ra\u00fal Hern\u00e1ndez L\u00f3pez y Mar\u00eda Luisa Matus Fuentes fungir\u00e1n como secretarios.<\/p>\n\n\n\n<p>Cabe se\u00f1alar que esta Diputaci\u00f3n Permanente entrar\u00e1 en funciones desde el 30 de septiembre hasta el 13 de noviembre.&nbsp;<\/p>\n\n\n\n<p>Siendo las 10:04 horas del s\u00e1bado 30 de septiembre se instal\u00f3 la Diputaci\u00f3n Permanente de la 65 Legislatura del Congreso del Estado de Oaxaca la cual sesionar\u00e1 los d\u00edas mi\u00e9rcoles de cada semana en punto de las 11 horas.<\/p>\n\n\n\n<p>La pr\u00f3xima sesi\u00f3n ordinaria se llevar\u00e1 a cabo el d\u00eda mi\u00e9rcoles 4 de octubre en punto de las 11 horas.<\/p>\n","protected":false},"excerpt":{"rendered":"<p>Redacci\u00f3n\/Zona Roja. Oaxaca de Ju\u00e1rez, Oax. 30 de septiembre de 2023.- Este s\u00e1bado se instal\u00f3&hellip;<\/p>\n","protected":false},"author":2,"featured_media":60448,"comment_status":"closed","ping_status":"open","sticky":false,"template":"","format":"standard","meta":{"_lmt_disableupdate":"","_lmt_disable":"","_jetpack_memberships_contains_paid_content":false,"footnotes":""},"categories":[109],"tags":[2743],"class_list":["post-60447","post","type-post","status-publish","format-standard","has-post-thumbnail","hentry","category-minuto-a-minuto","tag-65-legislatura-del-estado-de-oaxaca"],"jetpack_featured_media_url":"https:\/\/zonaroja.com.mx\/wp-content\/uploads\/2023\/09\/FOTO1-Se-instala-Diputacion-Permanente-del-segundo-ano-de-ejercicio-legal.jpeg","jetpack_sharing_enabled":true,"_links":{"self":[{"href":"https:\/\/zonaroja.com.mx\/index.php?rest_route=\/wp\/v2\/posts\/60447","targetHints":{"allow":["GET"]}}],"collection":[{"href":"https:\/\/zonaroja.com.mx\/index.php?rest_route=\/wp\/v2\/posts"}],"about":[{"href":"https:\/\/zonaroja.com.mx\/index.php?rest_route=\/wp\/v2\/types\/post"}],"author":[{"embeddable":true,"href":"https:\/\/zonaroja.com.mx\/index.php?rest_route=\/wp\/v2\/users\/2"}],"replies":[{"embeddable":true,"href":"https:\/\/zonaroja.com.mx\/index.php?rest_route=%2Fwp%2Fv2%2Fcomments&post=60447"}],"version-history":[{"count":1,"href":"https:\/\/zonaroja.com.mx\/index.php?rest_route=\/wp\/v2\/posts\/60447\/revisions"}],"predecessor-version":[{"id":60449,"href":"https:\/\/zonaroja.com.mx\/index.php?rest_route=\/wp\/v2\/posts\/60447\/revisions\/60449"}],"wp:featuredmedia":[{"embeddable":true,"href":"https:\/\/zonaroja.com.mx\/index.php?rest_route=\/wp\/v2\/media\/60448"}],"wp:attachment":[{"href":"https:\/\/zonaroja.com.mx\/index.php?rest_route=%2Fwp%2Fv2%2Fmedia&parent=60447"}],"wp:term":[{"taxonomy":"category","embeddable":true,"href":"https:\/\/zonaroja.com.mx\/index.php?rest_route=%2Fwp%2Fv2%2Fcategories&post=60447"},{"taxonomy":"post_tag","embeddable":true,"href":"https:\/\/zonaroja.com.mx\/index.php?rest_route=%2Fwp%2Fv2%2Ftags&post=60447"}],"curies":[{"name":"wp","href":"https:\/\/api.w.org\/{rel}","templated":true}]}}