{"id":60450,"date":"2023-09-30T19:12:00","date_gmt":"2023-10-01T00:12:00","guid":{"rendered":"http:\/\/www.zonaroja.com.mx\/?p=60450"},"modified":"2023-09-30T17:30:12","modified_gmt":"2023-09-30T22:30:12","slug":"exigen-vecinos-de-zaachila-a-edil-cerrar-basurero-clandestino","status":"publish","type":"post","link":"https:\/\/zonaroja.com.mx\/?p=60450","title":{"rendered":"Exigen vecinos de Zaachila a edil cerrar basurero clandestino"},"content":{"rendered":"\n<p>Ismael Garc\u00eda M.\/Zona Roja.<\/p>\n\n\n\n<p>Oaxaca de Ju\u00e1rez, Oax., a 30 de septiembre de 2023.- El Consejo Ciudadano de la Villa de Zaachila exigi\u00f3 al presidente municipal Rigoberto Chac\u00f3n P\u00e9rez, del Partido Morena, cerrar el basurero clandestino ubicado cerca de terrenos de siembra, por la grave contaminaci\u00f3n que genera.<\/p>\n\n\n\n<p>A trav\u00e9s de un escrito, firmado, entre otros, por Luis Aguilar Ojeda, expusieron que desde el inicio de la crisis de la basura, hace casi un a\u00f1o, el edil instal\u00f3 en instalaciones del antiguo baratillo un tiradero, sin consentimiento de los pobladores.<\/p>\n\n\n\n<p>Los riesgos, desde hace un a\u00f1o, es que contamina los mantos fre\u00e1ticos de terrenos cercanos a la Unidad de Riego n\u00famero 23, adem\u00e1s de representar un foco de contaminaci\u00f3n y criadero de fauna nociva, as\u00ed como moscos que provocan el dengue.<\/p>\n\n\n\n<p>De hecho, a la fecha existe un brote de esta enfermedad debido a las nulas acciones y a la excesiva poluci\u00f3n, sin que hasta el momento las autoridades intervengan para efectuar acciones de saneamiento.<\/p>\n\n\n\n<p>En su escrito, entregado el pasado 27 de septiembre y con copia a la regidora de Salud, Elizabeth Virgina M\u00e9ndez Robles, demandan adem\u00e1s que se les informe la fecha en que la autoridad iniciar\u00e1 un proyecto factible de tratamiento adecuado de los residuos s\u00f3lidos, as\u00ed como el presupuesto para ello.<\/p>\n\n\n\n<p>Adem\u00e1s, que el edil morenista d\u00e9 a conocer el monto de recursos financieros que ha erogado por el concepto de pago de g\u00f3ndolas para el traslado de desechos a otras entidades del pa\u00eds.<\/p>\n\n\n\n<p>\u201cLo anterior, fundamentado en el da\u00f1o al medio ambiente y a la salud de los habitantes de la Villa de Zaachila por la omisi\u00f3n de la responsabilidad de su administraci\u00f3n al no atender una obligaci\u00f3n consagrada en la propia Ley Org\u00e1nica Municipal\u201d, remarcan.<\/p>\n","protected":false},"excerpt":{"rendered":"<p>Ismael Garc\u00eda M.\/Zona Roja. Oaxaca de Ju\u00e1rez, Oax., a 30 de septiembre de 2023.- El&hellip;<\/p>\n","protected":false},"author":2,"featured_media":60451,"comment_status":"closed","ping_status":"open","sticky":false,"template":"","format":"standard","meta":{"_lmt_disableupdate":"","_lmt_disable":"","_jetpack_memberships_contains_paid_content":false,"footnotes":""},"categories":[109,47],"tags":[155],"class_list":["post-60450","post","type-post","status-publish","format-standard","has-post-thumbnail","hentry","category-minuto-a-minuto","category-zona-gris","tag-villa-de-zaachila"],"jetpack_featured_media_url":"https:\/\/zonaroja.com.mx\/wp-content\/uploads\/2023\/09\/Zaachila-Rigoberto-Chacon-basura.jpg","jetpack_sharing_enabled":true,"_links":{"self":[{"href":"https:\/\/zonaroja.com.mx\/index.php?rest_route=\/wp\/v2\/posts\/60450","targetHints":{"allow":["GET"]}}],"collection":[{"href":"https:\/\/zonaroja.com.mx\/index.php?rest_route=\/wp\/v2\/posts"}],"about":[{"href":"https:\/\/zonaroja.com.mx\/index.php?rest_route=\/wp\/v2\/types\/post"}],"author":[{"embeddable":true,"href":"https:\/\/zonaroja.com.mx\/index.php?rest_route=\/wp\/v2\/users\/2"}],"replies":[{"embeddable":true,"href":"https:\/\/zonaroja.com.mx\/index.php?rest_route=%2Fwp%2Fv2%2Fcomments&post=60450"}],"version-history":[{"count":1,"href":"https:\/\/zonaroja.com.mx\/index.php?rest_route=\/wp\/v2\/posts\/60450\/revisions"}],"predecessor-version":[{"id":60452,"href":"https:\/\/zonaroja.com.mx\/index.php?rest_route=\/wp\/v2\/posts\/60450\/revisions\/60452"}],"wp:featuredmedia":[{"embeddable":true,"href":"https:\/\/zonaroja.com.mx\/index.php?rest_route=\/wp\/v2\/media\/60451"}],"wp:attachment":[{"href":"https:\/\/zonaroja.com.mx\/index.php?rest_route=%2Fwp%2Fv2%2Fmedia&parent=60450"}],"wp:term":[{"taxonomy":"category","embeddable":true,"href":"https:\/\/zonaroja.com.mx\/index.php?rest_route=%2Fwp%2Fv2%2Fcategories&post=60450"},{"taxonomy":"post_tag","embeddable":true,"href":"https:\/\/zonaroja.com.mx\/index.php?rest_route=%2Fwp%2Fv2%2Ftags&post=60450"}],"curies":[{"name":"wp","href":"https:\/\/api.w.org\/{rel}","templated":true}]}}