{"id":60454,"date":"2023-09-30T22:36:18","date_gmt":"2023-10-01T03:36:18","guid":{"rendered":"http:\/\/www.zonaroja.com.mx\/?p=60454"},"modified":"2023-09-30T22:36:20","modified_gmt":"2023-10-01T03:36:20","slug":"matan-a-policia-estatal-en-la-zona-triqui-de-oaxaca","status":"publish","type":"post","link":"https:\/\/zonaroja.com.mx\/?p=60454","title":{"rendered":"Matan a polic\u00eda estatal en la zona Triqui de Oaxaca"},"content":{"rendered":"\n<p>Ismael Garc\u00eda M.\/Zona Roja.<\/p>\n\n\n\n<p>Oaxaca de Ju\u00e1rez, Oax., a 30 de septiembre de 2023.- Un elemento de la Polic\u00eda Estatal de Oaxaca fue asesinado a balazos este s\u00e1bado en la zona Triqui de la entidad.<\/p>\n\n\n\n<p>El cuerpo fue localizado en un barranco a la altura de la localidad de La Cumbre Yerba Santa y presenta varios impactos de arma de fuego.<\/p>\n\n\n\n<p>Presuntamente la v\u00edctima, Cirilo L. D. T. hab\u00eda salido del municipio de Santiago Juxtlahuaca hacia Guadalupe Tilapa, para reparar un veh\u00edculo, pues se desempe\u00f1aba en la corporaci\u00f3n como mec\u00e1nico,<\/p>\n\n\n\n<p>Sin embargo, al parecer fue emboscado y ultimado a balazos, tras lo cual el cuerpo fue arrojado al barranco.<\/p>\n\n\n\n<p>Personal de la Vicefiscal\u00eda Regional de la Mixteca, dependiente de la Fiscal\u00eda General del Estado de Oaxaca, inici\u00f3 las indagatorias correspondientes.<\/p>\n\n\n\n<p>Hasta el momento se desconocen las causas por las cuales fue ultimado el elemento policiaco, dependiente de la Secretar\u00eda de Seguridad y Protecci\u00f3n Ciudadana estatal.<\/p>\n","protected":false},"excerpt":{"rendered":"<p>Ismael Garc\u00eda M.\/Zona Roja. Oaxaca de Ju\u00e1rez, Oax., a 30 de septiembre de 2023.- Un&hellip;<\/p>\n","protected":false},"author":2,"featured_media":44226,"comment_status":"closed","ping_status":"open","sticky":false,"template":"","format":"standard","meta":{"_lmt_disableupdate":"","_lmt_disable":"","_jetpack_memberships_contains_paid_content":false,"footnotes":""},"categories":[109,51],"tags":[826],"class_list":["post-60454","post","type-post","status-publish","format-standard","has-post-thumbnail","hentry","category-minuto-a-minuto","category-zona-roja","tag-santiago-juxtlahuaca"],"jetpack_featured_media_url":"https:\/\/zonaroja.com.mx\/wp-content\/uploads\/2022\/08\/Policias-sirenas-inseguridad-violencia-escena-crimen.png","jetpack_sharing_enabled":true,"_links":{"self":[{"href":"https:\/\/zonaroja.com.mx\/index.php?rest_route=\/wp\/v2\/posts\/60454","targetHints":{"allow":["GET"]}}],"collection":[{"href":"https:\/\/zonaroja.com.mx\/index.php?rest_route=\/wp\/v2\/posts"}],"about":[{"href":"https:\/\/zonaroja.com.mx\/index.php?rest_route=\/wp\/v2\/types\/post"}],"author":[{"embeddable":true,"href":"https:\/\/zonaroja.com.mx\/index.php?rest_route=\/wp\/v2\/users\/2"}],"replies":[{"embeddable":true,"href":"https:\/\/zonaroja.com.mx\/index.php?rest_route=%2Fwp%2Fv2%2Fcomments&post=60454"}],"version-history":[{"count":1,"href":"https:\/\/zonaroja.com.mx\/index.php?rest_route=\/wp\/v2\/posts\/60454\/revisions"}],"predecessor-version":[{"id":60455,"href":"https:\/\/zonaroja.com.mx\/index.php?rest_route=\/wp\/v2\/posts\/60454\/revisions\/60455"}],"wp:featuredmedia":[{"embeddable":true,"href":"https:\/\/zonaroja.com.mx\/index.php?rest_route=\/wp\/v2\/media\/44226"}],"wp:attachment":[{"href":"https:\/\/zonaroja.com.mx\/index.php?rest_route=%2Fwp%2Fv2%2Fmedia&parent=60454"}],"wp:term":[{"taxonomy":"category","embeddable":true,"href":"https:\/\/zonaroja.com.mx\/index.php?rest_route=%2Fwp%2Fv2%2Fcategories&post=60454"},{"taxonomy":"post_tag","embeddable":true,"href":"https:\/\/zonaroja.com.mx\/index.php?rest_route=%2Fwp%2Fv2%2Ftags&post=60454"}],"curies":[{"name":"wp","href":"https:\/\/api.w.org\/{rel}","templated":true}]}}