{"id":60462,"date":"2023-10-01T09:46:00","date_gmt":"2023-10-01T14:46:00","guid":{"rendered":"http:\/\/www.zonaroja.com.mx\/?p=60462"},"modified":"2023-10-01T07:58:27","modified_gmt":"2023-10-01T12:58:27","slug":"emiten-ficha-de-busqueda-para-localizar-a-menor-sustraida-con-violencia-en-oaxaca","status":"publish","type":"post","link":"https:\/\/zonaroja.com.mx\/?p=60462","title":{"rendered":"Emiten ficha de b\u00fasqueda para localizar a menor sustra\u00edda con violencia en Oaxaca"},"content":{"rendered":"\n<p>Ismael Garc\u00eda M.\/Zona Roja.<\/p>\n\n\n\n<p>Oaxaca de Ju\u00e1rez, Oax., a 1 de octubre de 2023.- La Fiscal\u00eda General del Estado de Oaxaca emiti\u00f3 una ficha de Alerta \u00c1mbar para localizar a una menor de edad sustra\u00edda ayer con violencia en la ciudad de Oaxaca.<\/p>\n\n\n\n<p>De acuerdo con videos y la denuncia de uno de los familiares, alrededor de las 12:30 horas, una pareja arrebat\u00f3 a la menor de cuatro a\u00f1os de edad a su abuela, en un domicilio del Infonavit Primero de Mayo, zona norte de la capital.<\/p>\n\n\n\n<p>En las im\u00e1genes se aprecia c\u00f3mo el hombre y la mujer huyen con la peque\u00f1a en brazos mientras la mujer adulta los persigue, sin \u00e9xito alguno.<\/p>\n\n\n\n<p>Luego de difundirse que se trataba de un secuestro, las autoridades estatales precisaron que el conflicto es familiar, por la disputa de la custodia de la ni\u00f1a, misma que se dirime en instancias judiciales correspondientes.<\/p>\n\n\n\n<p>Tras la difusi\u00f3n del video en redes sociales, la Unidad de B\u00fasqueda de Personas&nbsp; Desaparecidas y No Localizadas, dependiente de la Fiscal\u00eda, emiti\u00f3 la ficha correspondiente, en que detalla que se trata de Jamileth Concepci\u00f3n Hern\u00e1ndez Ram\u00edrez, de cuatro a\u00f1os de edad.<\/p>\n\n\n\n<p>Fue vista por \u00faltima vez ayer en el Infonavit Primero de Mayo y viste pantal\u00f3n de mezclilla, blusa rosa con figuras de un mu\u00f1eco blanco al frente y calza tenis.<\/p>\n\n\n\n<p>Paralelo a ello, la Fiscal\u00eda General del Estado emiti\u00f3 una Alerta \u00c1mbar, en que detalla urge a la localizaci\u00f3n, pues se teme que la integridad de la ni\u00f1a est\u00e1 en riesgo, ya que puede ser v\u00edctima de la comisi\u00f3n de un delito.<\/p>\n\n\n\n<p>Hasta esta ma\u00f1ana, no ha sido localizada la peque\u00f1a Jamileth Concepci\u00f3n.<\/p>\n","protected":false},"excerpt":{"rendered":"<p>Ismael Garc\u00eda M.\/Zona Roja. Oaxaca de Ju\u00e1rez, Oax., a 1 de octubre de 2023.- La&hellip;<\/p>\n","protected":false},"author":2,"featured_media":60457,"comment_status":"closed","ping_status":"open","sticky":false,"template":"","format":"standard","meta":{"_lmt_disableupdate":"","_lmt_disable":"","_jetpack_memberships_contains_paid_content":false,"footnotes":""},"categories":[109,47],"tags":[3692],"class_list":["post-60462","post","type-post","status-publish","format-standard","has-post-thumbnail","hentry","category-minuto-a-minuto","category-zona-gris","tag-jamileth-concepcion-hernandez"],"jetpack_featured_media_url":"https:\/\/zonaroja.com.mx\/wp-content\/uploads\/2023\/10\/Menor-sustraida-en-Infonavit-ciudad-de-Oaxaca.jpg","jetpack_sharing_enabled":true,"_links":{"self":[{"href":"https:\/\/zonaroja.com.mx\/index.php?rest_route=\/wp\/v2\/posts\/60462","targetHints":{"allow":["GET"]}}],"collection":[{"href":"https:\/\/zonaroja.com.mx\/index.php?rest_route=\/wp\/v2\/posts"}],"about":[{"href":"https:\/\/zonaroja.com.mx\/index.php?rest_route=\/wp\/v2\/types\/post"}],"author":[{"embeddable":true,"href":"https:\/\/zonaroja.com.mx\/index.php?rest_route=\/wp\/v2\/users\/2"}],"replies":[{"embeddable":true,"href":"https:\/\/zonaroja.com.mx\/index.php?rest_route=%2Fwp%2Fv2%2Fcomments&post=60462"}],"version-history":[{"count":1,"href":"https:\/\/zonaroja.com.mx\/index.php?rest_route=\/wp\/v2\/posts\/60462\/revisions"}],"predecessor-version":[{"id":60463,"href":"https:\/\/zonaroja.com.mx\/index.php?rest_route=\/wp\/v2\/posts\/60462\/revisions\/60463"}],"wp:featuredmedia":[{"embeddable":true,"href":"https:\/\/zonaroja.com.mx\/index.php?rest_route=\/wp\/v2\/media\/60457"}],"wp:attachment":[{"href":"https:\/\/zonaroja.com.mx\/index.php?rest_route=%2Fwp%2Fv2%2Fmedia&parent=60462"}],"wp:term":[{"taxonomy":"category","embeddable":true,"href":"https:\/\/zonaroja.com.mx\/index.php?rest_route=%2Fwp%2Fv2%2Fcategories&post=60462"},{"taxonomy":"post_tag","embeddable":true,"href":"https:\/\/zonaroja.com.mx\/index.php?rest_route=%2Fwp%2Fv2%2Ftags&post=60462"}],"curies":[{"name":"wp","href":"https:\/\/api.w.org\/{rel}","templated":true}]}}