{"id":60467,"date":"2023-10-01T12:30:00","date_gmt":"2023-10-01T17:30:00","guid":{"rendered":"http:\/\/www.zonaroja.com.mx\/?p=60467"},"modified":"2023-10-01T08:16:25","modified_gmt":"2023-10-01T13:16:25","slug":"policias-estatales-agreden-a-reportera-de-la-jornada-morelos","status":"publish","type":"post","link":"https:\/\/zonaroja.com.mx\/?p=60467","title":{"rendered":"Polic\u00edas estatales agreden a reportera de \u201cLa Jornada Morelos\u201d"},"content":{"rendered":"\n<p>Redacci\u00f3n\/Zona Roja Cdmx.<\/p>\n\n\n\n<p>Ciudad de M\u00e9xico, a 1 de octubre de 2023.- La reportera de \u201cLa Jornada Morelos\u201d, Estrella Pedroza, fue agredida por elementos de la Comisi\u00f3n Estatal de Seguridad (CES), ayer al mediod\u00eda, cuando acudi\u00f3 a tomar fotograf\u00edas del operativo policiaco que resguarda las instalaciones de la Fiscal\u00eda Especializada de Combate a la Corrupci\u00f3n (FECC).<\/p>\n\n\n\n<p>\u201cLa Jornada Morelos\u201d denunci\u00f3 lo anterior mediante un video que comparti\u00f3 y en donde la comunicadora narra lo que padeci\u00f3 por parte de algunos y algunas uniformadas.<\/p>\n\n\n\n<p>\u201cDenuncia urgente: nuestra colaboradora Estrella Pedroza fue agredida brutalmente por la Polic\u00eda Morelos. Fue detenida, golpeada y amenazada por tomar fotos de la Fiscal\u00eda Anticorrupci\u00f3n. Exigimos justicia y respeto a la libertad de prensa. #Libertad de Prensa. #Justicia para Estrella\u201d, escribi\u00f3 este medio local.<\/p>\n\n\n\n<p>Pedroza en su relato mencion\u00f3 que primero elementos de la Guardia Nacional le pidieron que se identificara y ella lo hizo de manera verbal y tambi\u00e9n dio los nombres de los medios para los que colabora a nivel estatal y nacional.<\/p>\n\n\n\n<p>Posteriormente tom\u00f3 las fotograf\u00edas de este operativo; pero al retirarse en su veh\u00edculo y pasar frente a esta dependencia, asegur\u00f3, que unos 10 elementos se colocaron frente de su autom\u00f3vil, para pararla porque hab\u00eda tomado esas fotograf\u00edas.&nbsp;<\/p>\n\n\n\n<p>La sacaron del autom\u00f3vil a la fuerza, y con el argumento de que \u00e9sta hab\u00eda intentado atropellar a un uniformado, la sacaron y la pusieron sobre una patrulla, golpe\u00e1ndola y amenaz\u00e1ndola con que la iban a remitir ante el ministerio p\u00fablico (de la FGE) por intento de homicidio.<\/p>\n\n\n\n<p>Antes de que la bajaran del autom\u00f3vil asegur\u00f3 que logr\u00f3 enviar unos mensajes a compa\u00f1eros reporteros, para que estos informaran a los mandos de la CES lo que pasaban. Aparentemente por esas comunicaciones con el enlace de comunicaci\u00f3n social de la CES se liber\u00f3 a Estrella.<\/p>\n\n\n\n<p>Por su parte, la CES inform\u00f3 que la Direcci\u00f3n General de Asuntos Internos de esta corporaci\u00f3n, investiga los hechos ocurridos y reitera que \u201cen caso de que alg\u00fan polic\u00eda haya incurrido en alguna falta, se proceder\u00e1 de manera jur\u00eddica o administrativa\u201d.<\/p>\n\n\n\n<p>Las y los oficiales deben conducirse siempre con apego al orden jur\u00eddico y pleno respeto a los derechos humanos, seg\u00fan la CES, \u201ces por eso que la dependencia estatal ratifica su compromiso de investigar los sucesos y llegar hasta las \u00faltimas consecuencias.<\/p>\n\n\n\n<p>La Fiscal\u00eda Anticorrupci\u00f3n est\u00e1 resguardada por polic\u00edas federales y estatales desde la noche del pasado jueves 21 de septiembre, cuando el vicefiscal, Enrique N\u00fa\u00f1ez Urquiza fue restituido en el cargo, en medio de este operativo policiaco, tras obtener una suspensi\u00f3n a su favor.<\/p>\n\n\n\n<p>(Informaci\u00f3n de \u201cLa Jornada\u201d)<\/p>\n","protected":false},"excerpt":{"rendered":"<p>Redacci\u00f3n\/Zona Roja Cdmx. Ciudad de M\u00e9xico, a 1 de octubre de 2023.- La reportera de&hellip;<\/p>\n","protected":false},"author":2,"featured_media":60458,"comment_status":"closed","ping_status":"open","sticky":false,"template":"","format":"standard","meta":{"_lmt_disableupdate":"","_lmt_disable":"","_jetpack_memberships_contains_paid_content":false,"footnotes":""},"categories":[109,47],"tags":[3554],"class_list":["post-60467","post","type-post","status-publish","format-standard","has-post-thumbnail","hentry","category-minuto-a-minuto","category-zona-gris","tag-agresion-a-periodistas-en-mexico"],"jetpack_featured_media_url":"https:\/\/zonaroja.com.mx\/wp-content\/uploads\/2023\/10\/policias-estatales-agreden-a-fotografa-de-la-jornada-morelos-8045html-morelos-5638html-f9e2a1b3-f1fb-4b69-8260-5825aa1370cbljnimgndimagefullsize.webp","jetpack_sharing_enabled":true,"_links":{"self":[{"href":"https:\/\/zonaroja.com.mx\/index.php?rest_route=\/wp\/v2\/posts\/60467","targetHints":{"allow":["GET"]}}],"collection":[{"href":"https:\/\/zonaroja.com.mx\/index.php?rest_route=\/wp\/v2\/posts"}],"about":[{"href":"https:\/\/zonaroja.com.mx\/index.php?rest_route=\/wp\/v2\/types\/post"}],"author":[{"embeddable":true,"href":"https:\/\/zonaroja.com.mx\/index.php?rest_route=\/wp\/v2\/users\/2"}],"replies":[{"embeddable":true,"href":"https:\/\/zonaroja.com.mx\/index.php?rest_route=%2Fwp%2Fv2%2Fcomments&post=60467"}],"version-history":[{"count":1,"href":"https:\/\/zonaroja.com.mx\/index.php?rest_route=\/wp\/v2\/posts\/60467\/revisions"}],"predecessor-version":[{"id":60468,"href":"https:\/\/zonaroja.com.mx\/index.php?rest_route=\/wp\/v2\/posts\/60467\/revisions\/60468"}],"wp:featuredmedia":[{"embeddable":true,"href":"https:\/\/zonaroja.com.mx\/index.php?rest_route=\/wp\/v2\/media\/60458"}],"wp:attachment":[{"href":"https:\/\/zonaroja.com.mx\/index.php?rest_route=%2Fwp%2Fv2%2Fmedia&parent=60467"}],"wp:term":[{"taxonomy":"category","embeddable":true,"href":"https:\/\/zonaroja.com.mx\/index.php?rest_route=%2Fwp%2Fv2%2Fcategories&post=60467"},{"taxonomy":"post_tag","embeddable":true,"href":"https:\/\/zonaroja.com.mx\/index.php?rest_route=%2Fwp%2Fv2%2Ftags&post=60467"}],"curies":[{"name":"wp","href":"https:\/\/api.w.org\/{rel}","templated":true}]}}