{"id":6047,"date":"2019-11-24T18:52:35","date_gmt":"2019-11-25T00:52:35","guid":{"rendered":"http:\/\/www.zonaroja.com.mx\/?p=6047"},"modified":"2019-11-24T18:52:38","modified_gmt":"2019-11-25T00:52:38","slug":"activistas-afromexicanas-en-la-costa-exigen-justicia-para-victimas-de-feminicidios","status":"publish","type":"post","link":"https:\/\/zonaroja.com.mx\/?p=6047","title":{"rendered":"Activistas afromexicanas en la Costa exigen justicia para v\u00edctimas de feminicidios"},"content":{"rendered":"\n<p>Evlin Arag\u00f3n\/Zona Roja.<\/p>\n\n\n\n<p>Oaxaca de Ju\u00e1rez, Oax., 24 de noviembre\nde 2019.- Ante el incremento de la violencia de g\u00e9nero y feminicida en la\nregi\u00f3n de la Costa, activistas y feministas de la regi\u00f3n integrantes del \u201cPacto\nde Mujeres\u201d surgido del VI Foro de Mujeres Lideresas Huatulco 2018, Mujeres\nasistentes al Tercer Encuentro Nacional Corralero Pinotepa Nacional, Oaxaca\n2019, Mujeres Afromexicanas activistas, feministas y luchadoras sociales,\ndemandaron justicia ante los hechos de violentos que se est\u00e1n en contras de las\nmujeres afro.<\/p>\n\n\n\n<p>As\u00ed lo dieron a conocer luego del m\u00e1s\nreciente caso en el que Sof\u00eda Teresa y Socorro, que al igual que decenas de\npersonas acudieron al baile popular del 20 de noviembre organizado en la\nagencia Callej\u00f3n de R\u00f3mulo, comunidad afromexicana perteneciente al municipio\nde Santo Domingo Armenta, en la regi\u00f3n Costa de Oaxaca, donde un sujeto\ndesenfund\u00f3 un arma de fuego y les dispar\u00f3 ocasionando su muerte y dejando a una\nmujer m\u00e1s herida de gravedad.<\/p>\n\n\n\n<p>De igual forma, recordaron el asesinato\nde Carmen Parral, quien fuera presidenta municipal de San Jos\u00e9 Estancia Grande,\nasesinada a tiros al interior de una camioneta que se ubicaba en la carretera\nfederal 200, a la altura del municipio de Villa de Tultepec de Melchor Ocampo,\nel 17 de agosto pasado.<\/p>\n\n\n\n<p>En un manifiesto, dirigido a\nautoridades estatales y federales, hicieron evidente su preocupaci\u00f3n por el\nincremento de la violencia de g\u00e9nero y feminicida en Oaxaca la cual se ha\nagudizado en contra de las mujeres afromexicanas que hist\u00f3ricamente han sido\nviolentadas de varias formas.<\/p>\n\n\n\n<p>\u201cVemos con preocupaci\u00f3n el alarmante\n\u00edndice de violencia hacia las mujeres, en nuestro Estado de Oaxaca y\n\u00faltimamente se ha agudizado este fen\u00f3meno en la regi\u00f3n de la Costa y m\u00e1s\nespec\u00edficamente en territorio afromexicano, donde hist\u00f3ricamente las mujeres\nhan sido violentadas en diversas vertientes\u201d, aseguraron.<\/p>\n\n\n\n<p>Por lo anterior, exigieron a las\nautoridades locales encabezadas por el gobernador Alejandro Murat y el fiscal\ngeneral Rub\u00e9n Vasconcelos, refuercen las pol\u00edticas p\u00fablicas amparada en\ntratados internacionales, leyes nacionales y estatales a fin de garantizar la\nvida y la seguridad de las Mujeres afromexicanas y de las mujeres oaxaque\u00f1as,\nas\u00ed como justicia por las que ya no est\u00e1n.<\/p>\n\n\n\n<p>Recordaron que el feminicidio\nconstituye la forma m\u00e1s extrema de violencia hacia las mujeres y la\nnaturalizaci\u00f3n de la sociedad hacia la violencia de g\u00e9nero, colocando en\nsituaci\u00f3n de vulnerabilidad a m\u00e1s de la mitad de la poblaci\u00f3n, por lo que\ndecidieron alzar la voz y tomar la palabra en el D\u00eda Internacional de la\nEliminaci\u00f3n de la Violencia contra la Mujer, para denunciar la violencia\nfeminicida, violencia machista y exigir justicia para las v\u00edctimas<\/p>\n\n\n\n<p>\u201cPor todas las ca\u00eddas a mano de la\nviolencia machista y de los feminicidas, exigimos al gobernador Alejandro\nMurat, al fiscal general de Oaxaca y a la fiscal\u00eda regional de Pinotepa\nNacional, aclare y se haga justicia por los lamentables asesinatos de las dos\ncompa\u00f1eras afromexicanas de Callej\u00f3n de R\u00f3mulo, Santo Domingo Armenta, Oaxaca y\nde la que se debate entre la vida y la muerte\u201d, ponen de manifiesto.<\/p>\n","protected":false},"excerpt":{"rendered":"<p>Evlin Arag\u00f3n\/Zona Roja. Oaxaca de Ju\u00e1rez, Oax., 24 de noviembre de 2019.- Ante el incremento&hellip;<\/p>\n","protected":false},"author":2,"featured_media":6048,"comment_status":"closed","ping_status":"open","sticky":false,"template":"","format":"standard","meta":{"_lmt_disableupdate":"","_lmt_disable":"","_jetpack_memberships_contains_paid_content":false,"footnotes":""},"categories":[109,51],"tags":[610],"class_list":["post-6047","post","type-post","status-publish","format-standard","has-post-thumbnail","hentry","category-minuto-a-minuto","category-zona-roja","tag-feminicidios-oaxaca"],"jetpack_featured_media_url":"https:\/\/zonaroja.com.mx\/wp-content\/uploads\/2019\/11\/Violencia-de-G\u00e9nero-1-1.png","jetpack_sharing_enabled":true,"_links":{"self":[{"href":"https:\/\/zonaroja.com.mx\/index.php?rest_route=\/wp\/v2\/posts\/6047","targetHints":{"allow":["GET"]}}],"collection":[{"href":"https:\/\/zonaroja.com.mx\/index.php?rest_route=\/wp\/v2\/posts"}],"about":[{"href":"https:\/\/zonaroja.com.mx\/index.php?rest_route=\/wp\/v2\/types\/post"}],"author":[{"embeddable":true,"href":"https:\/\/zonaroja.com.mx\/index.php?rest_route=\/wp\/v2\/users\/2"}],"replies":[{"embeddable":true,"href":"https:\/\/zonaroja.com.mx\/index.php?rest_route=%2Fwp%2Fv2%2Fcomments&post=6047"}],"version-history":[{"count":1,"href":"https:\/\/zonaroja.com.mx\/index.php?rest_route=\/wp\/v2\/posts\/6047\/revisions"}],"predecessor-version":[{"id":6049,"href":"https:\/\/zonaroja.com.mx\/index.php?rest_route=\/wp\/v2\/posts\/6047\/revisions\/6049"}],"wp:featuredmedia":[{"embeddable":true,"href":"https:\/\/zonaroja.com.mx\/index.php?rest_route=\/wp\/v2\/media\/6048"}],"wp:attachment":[{"href":"https:\/\/zonaroja.com.mx\/index.php?rest_route=%2Fwp%2Fv2%2Fmedia&parent=6047"}],"wp:term":[{"taxonomy":"category","embeddable":true,"href":"https:\/\/zonaroja.com.mx\/index.php?rest_route=%2Fwp%2Fv2%2Fcategories&post=6047"},{"taxonomy":"post_tag","embeddable":true,"href":"https:\/\/zonaroja.com.mx\/index.php?rest_route=%2Fwp%2Fv2%2Ftags&post=6047"}],"curies":[{"name":"wp","href":"https:\/\/api.w.org\/{rel}","templated":true}]}}