{"id":60476,"date":"2023-10-01T18:17:00","date_gmt":"2023-10-01T23:17:00","guid":{"rendered":"http:\/\/www.zonaroja.com.mx\/?p=60476"},"modified":"2023-10-01T16:44:00","modified_gmt":"2023-10-01T21:44:00","slug":"presume-director-del-monte-de-piedad-impunidad-ante-denuncia","status":"publish","type":"post","link":"https:\/\/zonaroja.com.mx\/?p=60476","title":{"rendered":"Presume director del Monte de Piedad impunidad, ante denuncia"},"content":{"rendered":"\n<p>Ismael Garc\u00eda M.\/Zona Roja.<\/p>\n\n\n\n<p>Oaxaca de Ju\u00e1rez, Oax., a 1 de octubre de 2023.- El director del Monte de Piedad del Gobierno del Estado, Omar Juli\u00e1n Juli\u00e1n, presume impunidad y ha dilatado las acciones para evadir la justicia, ante un caso de denuncia de violencia de g\u00e9nero y acoso laboral que lleva cuatro meses.<\/p>\n\n\n\n<p>As\u00ed lo asegur\u00f3 la v\u00edctima Magda Liliana Altamirano Calder\u00f3n, al denunciar que a mes y medio que la Fiscal\u00eda General del Estado de Oaxaca le solicit\u00f3 documentos que comprueben su nombramiento como directora, cargo del que fue cesada, no ha sido enviada por el funcionario.<\/p>\n\n\n\n<p>\u201cHace unos d\u00edas me recibi\u00f3 el subsecretario Carlos P\u00e9rez Campos Mayoral (de la Secretar\u00eda de Gobierno) y me dijo que mi tema lo litigue con la instancia laboral y que el gobernador Salom\u00f3n Jara no es el patr\u00f3n del director del Monte de Piedad para conocer el caso de violencia de g\u00e9nero y acoso laboral.<\/p>\n\n\n\n<p>\u201cLa Fiscal\u00eda pidi\u00f3 el nombramientos en mi caso al Monte de Piedad y supuestamente el director dice que est\u00e1 colaborando pero tiene mes y medio que no ha mandado esos nombramientos y por lo tanto no se puede judicializar\u201d, dijo.<\/p>\n\n\n\n<p>Durante su reciente protesta, el pasado viernes, junto con el colectivo \u201cViolencia por ser Mujer\u201d, lament\u00f3 que hasta la fecha persista la impunidad y encubrimiento por parte de la Consejer\u00eda Jur\u00eddica del Gobierno del Estado a su caso.<\/p>\n\n\n\n<p>\u201cYo no tengo problemas con el se\u00f1or gobernador; si algo creo yo es en la honestidad y en la l\u00ednea que sigue la Cuarta Transformaci\u00f3n; se supone que deben de seguir ese acto de honestidad, que es lo que merecemos todos los oaxaque\u00f1os\u201d, manifest\u00f3 Magda Liliana.<\/p>\n\n\n\n<p>La joven insisti\u00f3 en que tras la violencia de g\u00e9nero y acoso laboral, se le han generado diversas enfermedades e incluso mostr\u00f3 documentos m\u00e9dicos sobre ello.<\/p>\n\n\n\n<p>\u201cNo soy una vividora, no soy de lo peor, como han dicho, que he formado un sindicato; no tienen ninguna prueba sobre m\u00ed, por eso no han dado declaraciones sobre mi caso; de m\u00ed s\u00f3lo pueden decir que soy honesta, trabajadora y que quiero justicia. Por eso hacen caso omiso\u201d, recalc\u00f3.<\/p>\n","protected":false},"excerpt":{"rendered":"<p>Ismael Garc\u00eda M.\/Zona Roja. Oaxaca de Ju\u00e1rez, Oax., a 1 de octubre de 2023.- El&hellip;<\/p>\n","protected":false},"author":2,"featured_media":60477,"comment_status":"closed","ping_status":"open","sticky":false,"template":"","format":"standard","meta":{"_lmt_disableupdate":"","_lmt_disable":"","_jetpack_memberships_contains_paid_content":false,"footnotes":""},"categories":[109,47],"tags":[3593],"class_list":["post-60476","post","type-post","status-publish","format-standard","has-post-thumbnail","hentry","category-minuto-a-minuto","category-zona-gris","tag-magda-liliana-altamirano-calderon"],"jetpack_featured_media_url":"https:\/\/zonaroja.com.mx\/wp-content\/uploads\/2023\/10\/Omar-Julian-Julian-Monte-de-Piedad.jpg","jetpack_sharing_enabled":true,"_links":{"self":[{"href":"https:\/\/zonaroja.com.mx\/index.php?rest_route=\/wp\/v2\/posts\/60476","targetHints":{"allow":["GET"]}}],"collection":[{"href":"https:\/\/zonaroja.com.mx\/index.php?rest_route=\/wp\/v2\/posts"}],"about":[{"href":"https:\/\/zonaroja.com.mx\/index.php?rest_route=\/wp\/v2\/types\/post"}],"author":[{"embeddable":true,"href":"https:\/\/zonaroja.com.mx\/index.php?rest_route=\/wp\/v2\/users\/2"}],"replies":[{"embeddable":true,"href":"https:\/\/zonaroja.com.mx\/index.php?rest_route=%2Fwp%2Fv2%2Fcomments&post=60476"}],"version-history":[{"count":1,"href":"https:\/\/zonaroja.com.mx\/index.php?rest_route=\/wp\/v2\/posts\/60476\/revisions"}],"predecessor-version":[{"id":60478,"href":"https:\/\/zonaroja.com.mx\/index.php?rest_route=\/wp\/v2\/posts\/60476\/revisions\/60478"}],"wp:featuredmedia":[{"embeddable":true,"href":"https:\/\/zonaroja.com.mx\/index.php?rest_route=\/wp\/v2\/media\/60477"}],"wp:attachment":[{"href":"https:\/\/zonaroja.com.mx\/index.php?rest_route=%2Fwp%2Fv2%2Fmedia&parent=60476"}],"wp:term":[{"taxonomy":"category","embeddable":true,"href":"https:\/\/zonaroja.com.mx\/index.php?rest_route=%2Fwp%2Fv2%2Fcategories&post=60476"},{"taxonomy":"post_tag","embeddable":true,"href":"https:\/\/zonaroja.com.mx\/index.php?rest_route=%2Fwp%2Fv2%2Ftags&post=60476"}],"curies":[{"name":"wp","href":"https:\/\/api.w.org\/{rel}","templated":true}]}}