{"id":60479,"date":"2023-10-01T15:11:03","date_gmt":"2023-10-01T20:11:03","guid":{"rendered":"http:\/\/www.zonaroja.com.mx\/?p=60479"},"modified":"2023-10-01T16:37:18","modified_gmt":"2023-10-01T21:37:18","slug":"matan-en-tehuantepec-con-picahielo-a-la-adolescente-wendy-guadalupe","status":"publish","type":"post","link":"https:\/\/zonaroja.com.mx\/?p=60479","title":{"rendered":"Matan en Tehuantepec con picahielo a la adolescente Wendy Guadalupe"},"content":{"rendered":"\n<p>Ismael Garc\u00eda M.\/Zona Roja. <\/p>\n\n\n\n<p>Oaxaca de Ju\u00e1rez, Oax., a 1 de octubre de 2023.- Un sujeto a\u00fan no identificado asesin\u00f3 anoche con un picahielo a una adolescente de 16 a\u00f1os de edad, en el municipio de Santo Domingo Tehuantepec.&nbsp;<\/p>\n\n\n\n<p>De acuerdo con los reportes de los vecinos, la menor de edad hab\u00eda acudido a una fiesta de XV a\u00f1os, cuando fue atacada, presuntamente por resistirse a un asalto.&nbsp;<\/p>\n\n\n\n<p>Fue refugiada en una casa de la calle Cosijop\u00ed, del barrio Santa Mar\u00eda, donde los vecinos llamaron a las corporaciones policiacas y de rescate.&nbsp;<\/p>\n\n\n\n<p>\u201cEst\u00e1 muy mal la ni\u00f1a, necesitamos la ambulancia, por favor la ni\u00f1a ya est\u00e1 fr\u00eda. \u00a1Urge por favor! Estamos pasando una situaci\u00f3n muy dif\u00edcil en esta calle, ni la polic\u00eda ni la ambulancia. \u00a1Hay un herido, es una ni\u00f1a, una muchachita\u201d, fue la s\u00faplica en un video difundido v\u00eda redes sociales.&nbsp;<\/p>\n\n\n\n<p>Sin embargo, ni la polic\u00eda municipal ni param\u00e9dicos llegaron, por lo cual los familiares decidieron trasladarla por sus propios medios a un hospital, donde Wendy Guadalupe G. H. fue declarada sin vida.&nbsp;<\/p>\n\n\n\n<p>La menor tuvo su domicilio en la Tercera Secci\u00f3n del barrio Santa Cruz Tagolaba de Tehuantepec.<\/p>\n\n\n\n<p>En ese municipio desde hace varios a\u00f1os, gesti\u00f3n de la alcaldesa Vilma Mart\u00ednez Cort\u00e9s, del Partido Morena, la violencia se ha generalizado, sin que las autoridades locales hagan algo al respecto.&nbsp;<\/p>\n\n\n\n<p>Personal de la Vicefiscal\u00eda Regional del Istmo, dependiente de la Fiscal\u00eda General del Estado de Oaxaca, inici\u00f3 las diligencias correspondientes, bajo los protocolos de feminicidio.&nbsp;<\/p>\n","protected":false},"excerpt":{"rendered":"<p>Ismael Garc\u00eda M.\/Zona Roja. Oaxaca de Ju\u00e1rez, Oax., a 1 de octubre de 2023.- Un&hellip;<\/p>\n","protected":false},"author":2,"featured_media":60481,"comment_status":"closed","ping_status":"open","sticky":false,"template":"","format":"standard","meta":{"_lmt_disableupdate":"","_lmt_disable":"","_jetpack_memberships_contains_paid_content":false,"footnotes":""},"categories":[109,51],"tags":[125],"class_list":["post-60479","post","type-post","status-publish","format-standard","has-post-thumbnail","hentry","category-minuto-a-minuto","category-zona-roja","tag-santo-domingo-tehuantepec"],"jetpack_featured_media_url":"https:\/\/zonaroja.com.mx\/wp-content\/uploads\/2023\/10\/Asesnada-adolescente-en-Tehuantepec.jpg","jetpack_sharing_enabled":true,"_links":{"self":[{"href":"https:\/\/zonaroja.com.mx\/index.php?rest_route=\/wp\/v2\/posts\/60479","targetHints":{"allow":["GET"]}}],"collection":[{"href":"https:\/\/zonaroja.com.mx\/index.php?rest_route=\/wp\/v2\/posts"}],"about":[{"href":"https:\/\/zonaroja.com.mx\/index.php?rest_route=\/wp\/v2\/types\/post"}],"author":[{"embeddable":true,"href":"https:\/\/zonaroja.com.mx\/index.php?rest_route=\/wp\/v2\/users\/2"}],"replies":[{"embeddable":true,"href":"https:\/\/zonaroja.com.mx\/index.php?rest_route=%2Fwp%2Fv2%2Fcomments&post=60479"}],"version-history":[{"count":1,"href":"https:\/\/zonaroja.com.mx\/index.php?rest_route=\/wp\/v2\/posts\/60479\/revisions"}],"predecessor-version":[{"id":60480,"href":"https:\/\/zonaroja.com.mx\/index.php?rest_route=\/wp\/v2\/posts\/60479\/revisions\/60480"}],"wp:featuredmedia":[{"embeddable":true,"href":"https:\/\/zonaroja.com.mx\/index.php?rest_route=\/wp\/v2\/media\/60481"}],"wp:attachment":[{"href":"https:\/\/zonaroja.com.mx\/index.php?rest_route=%2Fwp%2Fv2%2Fmedia&parent=60479"}],"wp:term":[{"taxonomy":"category","embeddable":true,"href":"https:\/\/zonaroja.com.mx\/index.php?rest_route=%2Fwp%2Fv2%2Fcategories&post=60479"},{"taxonomy":"post_tag","embeddable":true,"href":"https:\/\/zonaroja.com.mx\/index.php?rest_route=%2Fwp%2Fv2%2Ftags&post=60479"}],"curies":[{"name":"wp","href":"https:\/\/api.w.org\/{rel}","templated":true}]}}