{"id":60485,"date":"2023-10-01T21:35:11","date_gmt":"2023-10-02T02:35:11","guid":{"rendered":"http:\/\/www.zonaroja.com.mx\/?p=60485"},"modified":"2023-10-01T21:35:14","modified_gmt":"2023-10-02T02:35:14","slug":"tras-operativo-fiscalia-detiene-en-istmo-a-extorsionador-con-droga","status":"publish","type":"post","link":"https:\/\/zonaroja.com.mx\/?p=60485","title":{"rendered":"Tras operativo, Fiscal\u00eda detiene en Istmo a extorsionador con droga"},"content":{"rendered":"\n<p>Redacci\u00f3n\/Zona Roja.<\/p>\n\n\n\n<p>Oaxaca de Ju\u00e1rez, Oax., a 1 de octubre de 2023.- Como parte de las acciones de campo que realiza la Fiscal\u00eda General del Estado de Oaxaca (FGEO) se logr\u00f3 la detenci\u00f3n de una persona del sexo masculino identificada como F. A. R., alias \u201cEl Felipillo\u201d, por los delitos de extorsi\u00f3n y contra la salud en su modalidad de posesi\u00f3n con fines de suministro, acci\u00f3n policial ejecutada en la regi\u00f3n del Istmo de Tehuantepec.<\/p>\n\n\n\n<p>En labores de investigaci\u00f3n realizadas por elementos de la Fuerza Especial de Reacci\u00f3n Inmediata (FERI), perteneciente a la FGEO,&nbsp; localizaron varias dosis de la droga conocida como cristal en posesi\u00f3n de de F.A.R alias \u201cEl Felipillo\u201d, mismo que reaccion\u00f3 de manera violenta, raz\u00f3n por lo cual fue detenido.<\/p>\n\n\n\n<p>La persona fue trasladada a la autoridad ministerial correspondiente, por los delitos contra la salud en su modalidad de posesi\u00f3n con fines de suministro y extorsi\u00f3n, la cual definir\u00e1 su situaci\u00f3n jur\u00eddica en las pr\u00f3ximas horas.&nbsp;<\/p>\n\n\n\n<p>La Fiscal\u00eda de Oaxaca efect\u00faa trabajos en campo, como parte de la estrategia estatal de seguridad coordinada con diferentes instancias gubernamentales para garantizar la paz social en todas las regiones de la entidad.<\/p>\n","protected":false},"excerpt":{"rendered":"<p>Redacci\u00f3n\/Zona Roja. Oaxaca de Ju\u00e1rez, Oax., a 1 de octubre de 2023.- Como parte de&hellip;<\/p>\n","protected":false},"author":2,"featured_media":48872,"comment_status":"closed","ping_status":"open","sticky":false,"template":"","format":"standard","meta":{"_lmt_disableupdate":"","_lmt_disable":"","_jetpack_memberships_contains_paid_content":false,"footnotes":""},"categories":[109,46],"tags":[494],"class_list":["post-60485","post","type-post","status-publish","format-standard","has-post-thumbnail","hentry","category-minuto-a-minuto","category-zona-blanca","tag-fiscalia-general-del-estado-de-oaxaca"],"jetpack_featured_media_url":"https:\/\/zonaroja.com.mx\/wp-content\/uploads\/2022\/12\/Detenido-detencion-aprehension.jpg","jetpack_sharing_enabled":true,"_links":{"self":[{"href":"https:\/\/zonaroja.com.mx\/index.php?rest_route=\/wp\/v2\/posts\/60485","targetHints":{"allow":["GET"]}}],"collection":[{"href":"https:\/\/zonaroja.com.mx\/index.php?rest_route=\/wp\/v2\/posts"}],"about":[{"href":"https:\/\/zonaroja.com.mx\/index.php?rest_route=\/wp\/v2\/types\/post"}],"author":[{"embeddable":true,"href":"https:\/\/zonaroja.com.mx\/index.php?rest_route=\/wp\/v2\/users\/2"}],"replies":[{"embeddable":true,"href":"https:\/\/zonaroja.com.mx\/index.php?rest_route=%2Fwp%2Fv2%2Fcomments&post=60485"}],"version-history":[{"count":1,"href":"https:\/\/zonaroja.com.mx\/index.php?rest_route=\/wp\/v2\/posts\/60485\/revisions"}],"predecessor-version":[{"id":60486,"href":"https:\/\/zonaroja.com.mx\/index.php?rest_route=\/wp\/v2\/posts\/60485\/revisions\/60486"}],"wp:featuredmedia":[{"embeddable":true,"href":"https:\/\/zonaroja.com.mx\/index.php?rest_route=\/wp\/v2\/media\/48872"}],"wp:attachment":[{"href":"https:\/\/zonaroja.com.mx\/index.php?rest_route=%2Fwp%2Fv2%2Fmedia&parent=60485"}],"wp:term":[{"taxonomy":"category","embeddable":true,"href":"https:\/\/zonaroja.com.mx\/index.php?rest_route=%2Fwp%2Fv2%2Fcategories&post=60485"},{"taxonomy":"post_tag","embeddable":true,"href":"https:\/\/zonaroja.com.mx\/index.php?rest_route=%2Fwp%2Fv2%2Ftags&post=60485"}],"curies":[{"name":"wp","href":"https:\/\/api.w.org\/{rel}","templated":true}]}}