{"id":60492,"date":"2023-10-01T22:09:57","date_gmt":"2023-10-02T03:09:57","guid":{"rendered":"http:\/\/www.zonaroja.com.mx\/?p=60492"},"modified":"2023-10-01T22:37:52","modified_gmt":"2023-10-02T03:37:52","slug":"recrudece-la-violencia-en-oaxaca-capital-ejecutan-a-hombre-y-mujer","status":"publish","type":"post","link":"https:\/\/zonaroja.com.mx\/?p=60492","title":{"rendered":"Recrudece la violencia en Oaxaca capital: ejecutan a hombre y mujer"},"content":{"rendered":"\n<p>Ismael Garc\u00eda M.\/Zona Roja.<\/p>\n\n\n\n<p>Oaxaca de Ju\u00e1rez, Oax., a 1 de octubre de 2023.- La violencia recrudeci\u00f3 en la ciudad de Oaxaca al iniciar octubre, con el asesinato a balazos de un hombre y una mujer.<\/p>\n\n\n\n<p>El doble homicidio ocurri\u00f3 en la calle Huajuapan en la colonia Estado de Oaxaca, colindancia con la colonia Vicente Su\u00e1rez, en la agencia de San Mart\u00edn Mexic\u00e1pam.<\/p>\n\n\n\n<p>Sujetos armados dieron alcance y dispararon en contra de la pareja, tras lo cual huyeron, presuntamente en un veh\u00edculo de color rojo, que tom\u00f3 rumbo a la colonia Casa Blanca.<\/p>\n\n\n\n<p>De manera preliminar las v\u00edctimas fueron identificadas como Diego Alberto \u201cN\u201d y Martha Patricia \u201cN\u201d; la mujer llevaba en la mano una bolsa con polvo blanco, presuntamente droga. <\/p>\n\n\n\n<p>Los probables delincuentes actuaron con impunidad en el suceso criminal, pues en San Mart\u00edn Mexic\u00e1pam pr\u00e1cticamente no acude la polic\u00eda municipal, al mando a\u00fan del militar Ra\u00fal \u00c1vila Ibarra.<\/p>\n\n\n\n<p>Y es que los hechos de inseguridad y violencia ocurren todos los d\u00edas, como sucedi\u00f3 ayer por la tarde a un ciudadano, que fue asaltado y lesionado en la calle de Las Casas, casi al llegar a la Central de Abasto, sin que hubiera polic\u00edas en la zona.<\/p>\n\n\n\n<p>Las v\u00edctimas a\u00fan no han sido identificadas y personal de la Fiscal\u00eda General del Estado de Oaxaca arrib\u00f3 para iniciar las diligencias correspondientes.<\/p>\n","protected":false},"excerpt":{"rendered":"<p>Ismael Garc\u00eda M.\/Zona Roja. Oaxaca de Ju\u00e1rez, Oax., a 1 de octubre de 2023.- La&hellip;<\/p>\n","protected":false},"author":2,"featured_media":60489,"comment_status":"closed","ping_status":"open","sticky":false,"template":"","format":"standard","meta":{"_lmt_disableupdate":"","_lmt_disable":"","_jetpack_memberships_contains_paid_content":false,"footnotes":""},"categories":[109,51],"tags":[148],"class_list":["post-60492","post","type-post","status-publish","format-standard","has-post-thumbnail","hentry","category-minuto-a-minuto","category-zona-roja","tag-oaxaca-de-juarez"],"jetpack_featured_media_url":"https:\/\/zonaroja.com.mx\/wp-content\/uploads\/2023\/10\/Ejecutado-San-Martin-ciudad-de-Oaxaca.jpg","jetpack_sharing_enabled":true,"_links":{"self":[{"href":"https:\/\/zonaroja.com.mx\/index.php?rest_route=\/wp\/v2\/posts\/60492","targetHints":{"allow":["GET"]}}],"collection":[{"href":"https:\/\/zonaroja.com.mx\/index.php?rest_route=\/wp\/v2\/posts"}],"about":[{"href":"https:\/\/zonaroja.com.mx\/index.php?rest_route=\/wp\/v2\/types\/post"}],"author":[{"embeddable":true,"href":"https:\/\/zonaroja.com.mx\/index.php?rest_route=\/wp\/v2\/users\/2"}],"replies":[{"embeddable":true,"href":"https:\/\/zonaroja.com.mx\/index.php?rest_route=%2Fwp%2Fv2%2Fcomments&post=60492"}],"version-history":[{"count":2,"href":"https:\/\/zonaroja.com.mx\/index.php?rest_route=\/wp\/v2\/posts\/60492\/revisions"}],"predecessor-version":[{"id":60499,"href":"https:\/\/zonaroja.com.mx\/index.php?rest_route=\/wp\/v2\/posts\/60492\/revisions\/60499"}],"wp:featuredmedia":[{"embeddable":true,"href":"https:\/\/zonaroja.com.mx\/index.php?rest_route=\/wp\/v2\/media\/60489"}],"wp:attachment":[{"href":"https:\/\/zonaroja.com.mx\/index.php?rest_route=%2Fwp%2Fv2%2Fmedia&parent=60492"}],"wp:term":[{"taxonomy":"category","embeddable":true,"href":"https:\/\/zonaroja.com.mx\/index.php?rest_route=%2Fwp%2Fv2%2Fcategories&post=60492"},{"taxonomy":"post_tag","embeddable":true,"href":"https:\/\/zonaroja.com.mx\/index.php?rest_route=%2Fwp%2Fv2%2Ftags&post=60492"}],"curies":[{"name":"wp","href":"https:\/\/api.w.org\/{rel}","templated":true}]}}