{"id":60495,"date":"2023-10-02T13:14:00","date_gmt":"2023-10-02T18:14:00","guid":{"rendered":"http:\/\/www.zonaroja.com.mx\/?p=60495"},"modified":"2023-10-02T08:47:28","modified_gmt":"2023-10-02T13:47:28","slug":"persisten-la-tortura-y-las-detenciones-arbitrarias-en-mexico-onu","status":"publish","type":"post","link":"https:\/\/zonaroja.com.mx\/?p=60495","title":{"rendered":"Persisten la tortura y las detenciones arbitrarias en M\u00e9xico: ONU"},"content":{"rendered":"\n<p>Redacci\u00f3n\/Zona Roja Cdmx.<\/p>\n\n\n\n<p>Ciudad de M\u00e9xico, a 2 de octubre de 2023.- Las detenciones arbitrarias y la tortura persisten en M\u00e9xico como \u201cuna pr\u00e1ctica generalizada\u201d, aunque existen avances significativos en esta lucha en los \u00faltimos a\u00f1os, afirm\u00f3 el Comit\u00e9 de Detenciones Arbitrarias de la ONU, que present\u00f3 un informe preliminar sobre el pa\u00eds.<\/p>\n\n\n\n<p>Esto a pesar de que el presidente Andr\u00e9s Manuel L\u00f3pez Obrador ha asegurado constantemente que est\u00e1s pr\u00e1cticas han sido erradicadas durante su Gobierno, que inici\u00f3 en diciembre de 2018.<\/p>\n\n\n\n<p>\u201cLa detenci\u00f3n arbitraria sigue siendo una pr\u00e1ctica generalizada en M\u00e9xico y con demasiada frecuencia es el catalizador de malos tratos, torturas, desapariciones forzadas y ejecuciones arbitrarias\u201d, se\u00f1al\u00f3 en conferencia el grupo de expertos integrado por Matthew Gillett, Miriam Estrada-Castillo y Ganna Yudkivska.<\/p>\n\n\n\n<p>Los expertos, que cumplieron una visita oficial a M\u00e9xico del 18 al 29 de septiembre, se\u00f1alaron que las Fuerzas Armadas, la Guardia Nacional y agencias estatales y municipales \u201cest\u00e1n frecuentemente implicadas\u201d en detenciones arbitrarias.<\/p>\n\n\n\n<p>Y estos cuerpos de seguridad \u201ccarecen de los controles civiles e independientes necesarios para garantizar la prevenci\u00f3n y la rendici\u00f3n de cuentas\u201d, a\u00f1adieron.<\/p>\n\n\n\n<p>\u201cEn el problema generalizado de la detenci\u00f3n arbitraria en M\u00e9xico, la prisi\u00f3n preventiva obligatoria es frecuente en el pa\u00eds y se ha ampliado constitucionalmente para incluir en ella otros delitos, lo cual ha sido identificado como una violaci\u00f3n a los derechos humanos\u201d, expuso Estrada-Castillo.<\/p>\n\n\n\n<p>Adem\u00e1s, aseveraron que \u201ces frecuente\u201d el uso excesivo de la fuerza, desde el momento de la aprehensi\u00f3n hasta que los detenidos quedan a disposici\u00f3n ante una autoridad judicial.<\/p>\n\n\n\n<p>\u201cEn muchos casos, se infligen tortura y otras formas de malos tratos, incluida la tortura, para obtener confesiones y declaraciones incriminatorias\u201d, apuntaron los expertos.<\/p>\n\n\n\n<p>Y se\u00f1alaron que los retrasos entre el momento de la detenci\u00f3n de una persona, su puesta a disposici\u00f3n ante el Ministerio P\u00fablico y su posterior traslado a la autoridad judicial, \u201caumentan el riesgo de graves violaciones de derechos humanos durante este per\u00edodo cr\u00edtico\u201d.<\/p>\n\n\n\n<p>La detenci\u00f3n de migrantes fue una preocupaci\u00f3n del grupo.<\/p>\n\n\n\n<p>\u201cM\u00e9xico debe garantizar que la detenci\u00f3n de migrantes sea el \u00faltimo recurso, por el menor tiempo posible, luego de una evaluaci\u00f3n individualizada, en condiciones dignas y con acceso a asistencia legal\u201d, advirtieron.<\/p>\n\n\n\n<p>Adem\u00e1s, denunciaron que la detenci\u00f3n arbitraria \u201cafecta a una amplia gama de personas en M\u00e9xico, con riesgos particulares para los grupos vulnerables, incluidos los pueblos ind\u00edgenas, las personas con discapacidad, las personas LGBTI+, los adolescentes, las personas mayores y las personas que viven en la pobreza\u201d.<\/p>\n\n\n\n<p>Los tres expertos visitaron Ciudad de M\u00e9xico y los estados de Nuevo Le\u00f3n y Chiapas, donde se reunieron con autoridades, jueces, comisiones de derechos humanos, representantes de la sociedad civil y otros actores interesados.<\/p>\n\n\n\n<p>La delegaci\u00f3n visit\u00f3 15 lugares de privaci\u00f3n de libertad, incluidas c\u00e1rceles, comisar\u00edas de polic\u00eda e instituciones para menores, migrantes y personas con discapacidad psicosocial, donde entrevist\u00f3 a casi 200 personas detenidas.<\/p>\n\n\n\n<p>Horas antes, el presidente L\u00f3pez Obrador defendi\u00f3 que su Gobierno no viola derechos humanos ante la visita del Comit\u00e9 de Detenciones Arbitrarias de la ONU.<\/p>\n\n\n\n<p>\u201cSiempre hemos estado comprometidos a que no se cometan injusticias, en nuestro Gobierno no se permite tortura, no se permite la desaparici\u00f3n, no se permiten las masacres, no se permite la violaci\u00f3n de derechos humanos\u201d, afirm\u00f3 el mandatario en su rueda de prensa matutina.<\/p>\n\n\n\n<p>Y a\u00f1adi\u00f3 que su gobierno \u201cno es represor, como los de antes\u201d y por eso los organismos internacionales de derechos humanos \u201cpueden actuar con absoluta libertad\u201d y que, cuando hay recomendaciones, \u201cse act\u00faa de inmediato\u201d.<\/p>\n\n\n\n<p>La visita ocurre mientras m\u00e1s de 88 mil personas permanecen en las c\u00e1rceles mexicanas, y el 39 por ciento del total, carecen de una sentencia, seg\u00fan los Censos Nacionales de Sistemas Penitenciarios del Instituto Nacional de Estad\u00edstica y Geograf\u00eda (Inegi).<\/p>\n\n\n\n<p>El instituto report\u00f3 una sobresaturaci\u00f3n en los centros penitenciarios locales, con 186 mil 755 reos, y centros especializados, con 6 mil 858, que en conjunto tienen una ocupaci\u00f3n de 107 por ciento respecto a su capacidad oficial.<\/p>\n\n\n\n<p>El Grupo de Trabajo de la ONU dijo estar consciente de los grandes desaf\u00edos de M\u00e9xico, \u201cespecialmente en el contexto del crimen organizado y los esfuerzos hechos por las autoridades en la materia\u201d.<\/p>\n\n\n\n<p>Avis\u00f3 que presentar\u00e1 su informe final al Consejo de Derechos Humanos en septiembre de 2024.<\/p>\n\n\n\n<p>(Con informaci\u00f3n de EFE, en L\u00f3pez-D\u00f3riga Digital)<\/p>\n","protected":false},"excerpt":{"rendered":"<p>Redacci\u00f3n\/Zona Roja Cdmx. Ciudad de M\u00e9xico, a 2 de octubre de 2023.- Las detenciones arbitrarias&hellip;<\/p>\n","protected":false},"author":2,"featured_media":22506,"comment_status":"closed","ping_status":"open","sticky":false,"template":"","format":"standard","meta":{"_lmt_disableupdate":"","_lmt_disable":"","_jetpack_memberships_contains_paid_content":false,"footnotes":""},"categories":[109,47],"tags":[],"class_list":["post-60495","post","type-post","status-publish","format-standard","has-post-thumbnail","hentry","category-minuto-a-minuto","category-zona-gris"],"jetpack_featured_media_url":"https:\/\/zonaroja.com.mx\/wp-content\/uploads\/2021\/01\/Tortura.jpg","jetpack_sharing_enabled":true,"_links":{"self":[{"href":"https:\/\/zonaroja.com.mx\/index.php?rest_route=\/wp\/v2\/posts\/60495","targetHints":{"allow":["GET"]}}],"collection":[{"href":"https:\/\/zonaroja.com.mx\/index.php?rest_route=\/wp\/v2\/posts"}],"about":[{"href":"https:\/\/zonaroja.com.mx\/index.php?rest_route=\/wp\/v2\/types\/post"}],"author":[{"embeddable":true,"href":"https:\/\/zonaroja.com.mx\/index.php?rest_route=\/wp\/v2\/users\/2"}],"replies":[{"embeddable":true,"href":"https:\/\/zonaroja.com.mx\/index.php?rest_route=%2Fwp%2Fv2%2Fcomments&post=60495"}],"version-history":[{"count":1,"href":"https:\/\/zonaroja.com.mx\/index.php?rest_route=\/wp\/v2\/posts\/60495\/revisions"}],"predecessor-version":[{"id":60496,"href":"https:\/\/zonaroja.com.mx\/index.php?rest_route=\/wp\/v2\/posts\/60495\/revisions\/60496"}],"wp:featuredmedia":[{"embeddable":true,"href":"https:\/\/zonaroja.com.mx\/index.php?rest_route=\/wp\/v2\/media\/22506"}],"wp:attachment":[{"href":"https:\/\/zonaroja.com.mx\/index.php?rest_route=%2Fwp%2Fv2%2Fmedia&parent=60495"}],"wp:term":[{"taxonomy":"category","embeddable":true,"href":"https:\/\/zonaroja.com.mx\/index.php?rest_route=%2Fwp%2Fv2%2Fcategories&post=60495"},{"taxonomy":"post_tag","embeddable":true,"href":"https:\/\/zonaroja.com.mx\/index.php?rest_route=%2Fwp%2Fv2%2Ftags&post=60495"}],"curies":[{"name":"wp","href":"https:\/\/api.w.org\/{rel}","templated":true}]}}