{"id":60497,"date":"2023-10-02T12:16:00","date_gmt":"2023-10-02T17:16:00","guid":{"rendered":"http:\/\/www.zonaroja.com.mx\/?p=60497"},"modified":"2023-10-01T22:24:50","modified_gmt":"2023-10-02T03:24:50","slug":"logra-fiscalia-44-anos-de-prision-contra-feminicida-y-28-anos-contra-violador","status":"publish","type":"post","link":"https:\/\/zonaroja.com.mx\/?p=60497","title":{"rendered":"Logra Fiscal\u00eda 44 a\u00f1os de prisi\u00f3n contra feminicida y 28 a\u00f1os contra violador"},"content":{"rendered":"\n<p>Redacci\u00f3n\/Zona Roja.<\/p>\n\n\n\n<p>Oaxaca de Ju\u00e1rez, Oax., a 2 de octubre de 2023.-&nbsp; Como resultado del trabajo en el combate a los delitos contra la mujer por raz\u00f3n de g\u00e9nero, la Fiscal\u00eda General del Estado de Oaxaca (FGEO) obtuvo una sentencia condenatoria por m\u00e1s de 44 a\u00f1os de prisi\u00f3n contra de A. R. S., responsable de la comisi\u00f3n del delito de Feminicidio en grado de Tentativa, en agravio de su pareja.<\/p>\n\n\n\n<p>De acuerdo con lo asentado en el expediente penal del caso, los hechos sucedieron el 25 de enero de 2022, la v\u00edctima, identificada como M. E. R., se encontraba al interior de un domicilio particular localizado en la Secci\u00f3n Cuarta del municipio de San Lucas Ojit\u00e1n, perteneciente a la regi\u00f3n de la Cuenca.<\/p>\n\n\n\n<p>Al lugar lleg\u00f3 A. R. S., quien agredi\u00f3 f\u00edsicamente a la v\u00edctima, posteriormente tom\u00f3 un cuchillo para atacarla, provoc\u00e1ndole severas lesiones.<\/p>\n\n\n\n<p>La FGEO tom\u00f3 conocimiento de los hechos, por lo que se iniciaron las investigaciones correspondientes que corrieron a cargo de la Vicefiscal\u00eda Regional de la Cuenca, lo que permiti\u00f3 la detenci\u00f3n del imputado.<\/p>\n\n\n\n<p>Luego de presentar las pruebas ante el Juez, \u00e9ste dict\u00f3 sentencia condenatoria de 44 a\u00f1os 5 meses y 11 d\u00edas contra A. R. S. por su responsabilidad en la comisi\u00f3n del delito de Tentativa de Feminicidio Agravado, adem\u00e1s que impuso el pago de una multa a favor de la v\u00edctima.<\/p>\n\n\n\n<p>La Fiscal\u00eda de Oaxaca cuenta con \u00e1reas especializadas para la atenci\u00f3n de delitos contra la mujer, a trav\u00e9s de las cuales se realizan investigaciones con perspectiva de g\u00e9nero para atender las particularidades de las v\u00edctimas en cada uno de los casos.<\/p>\n\n\n\n<p>CONTRA VIOLADOR<\/p>\n\n\n\n<p>En tanto, como parte de las acciones para garantizar la procuraci\u00f3n de justicia para ni\u00f1as, ni\u00f1os y adolescentes v\u00edctimas de delitos de car\u00e1cter sexual, la Fiscal\u00eda General del Estado de Oaxaca (FGEO) obtuvo una sentencia condenatoria de 28 a\u00f1os de prisi\u00f3n contra T.B.G., por el delito de Violaci\u00f3n cometido en contra de un adolescente, en hechos ocurridos en la regi\u00f3n de la Costa.<\/p>\n\n\n\n<p>De acuerdo con el expediente penal, el 7 de enero de 2021 el agresor llev\u00f3 a la v\u00edctima, quien al momento de los hechos contaba con 13 a\u00f1os, a su domicilio ubicado en San Pedro Pochutla, lugar donde lo atac\u00f3.<\/p>\n\n\n\n<p>Luego de recibir la denuncia penal correspondiente, la FGEO inici\u00f3 la investigaci\u00f3n con perspectiva de infancia, la cual qued\u00f3 a cargo de la Vicefiscal\u00eda Regional de la Costa, lo que permiti\u00f3 la liberaci\u00f3n de la orden de aprehensi\u00f3n en contra del ahora sentenciado.<\/p>\n\n\n\n<p>Tras presentar las pruebas en contra de T.B.G., el Juez que atiende la causa dict\u00f3 sentencia condenatoria de 28 a\u00f1os de prisi\u00f3n y el pago de la reparaci\u00f3n del da\u00f1o.&nbsp;<\/p>\n\n\n\n<p>La Fiscal\u00eda General del Estado de Oaxaca brinda acompa\u00f1amiento integral a las v\u00edctimas de violencia sexual por medio de un equipo multidisciplinario, como parte del proceso de garantizar un adecuado proceso de procuraci\u00f3n de justicia.<\/p>\n","protected":false},"excerpt":{"rendered":"<p>Redacci\u00f3n\/Zona Roja. Oaxaca de Ju\u00e1rez, Oax., a 2 de octubre de 2023.-&nbsp; Como resultado del&hellip;<\/p>\n","protected":false},"author":2,"featured_media":48536,"comment_status":"closed","ping_status":"open","sticky":false,"template":"","format":"standard","meta":{"_lmt_disableupdate":"","_lmt_disable":"","_jetpack_memberships_contains_paid_content":false,"footnotes":""},"categories":[109,46],"tags":[494],"class_list":["post-60497","post","type-post","status-publish","format-standard","has-post-thumbnail","hentry","category-minuto-a-minuto","category-zona-blanca","tag-fiscalia-general-del-estado-de-oaxaca"],"jetpack_featured_media_url":"https:\/\/zonaroja.com.mx\/wp-content\/uploads\/2022\/11\/Carcel-prision-separos-detenido-1.jpeg","jetpack_sharing_enabled":true,"_links":{"self":[{"href":"https:\/\/zonaroja.com.mx\/index.php?rest_route=\/wp\/v2\/posts\/60497","targetHints":{"allow":["GET"]}}],"collection":[{"href":"https:\/\/zonaroja.com.mx\/index.php?rest_route=\/wp\/v2\/posts"}],"about":[{"href":"https:\/\/zonaroja.com.mx\/index.php?rest_route=\/wp\/v2\/types\/post"}],"author":[{"embeddable":true,"href":"https:\/\/zonaroja.com.mx\/index.php?rest_route=\/wp\/v2\/users\/2"}],"replies":[{"embeddable":true,"href":"https:\/\/zonaroja.com.mx\/index.php?rest_route=%2Fwp%2Fv2%2Fcomments&post=60497"}],"version-history":[{"count":1,"href":"https:\/\/zonaroja.com.mx\/index.php?rest_route=\/wp\/v2\/posts\/60497\/revisions"}],"predecessor-version":[{"id":60498,"href":"https:\/\/zonaroja.com.mx\/index.php?rest_route=\/wp\/v2\/posts\/60497\/revisions\/60498"}],"wp:featuredmedia":[{"embeddable":true,"href":"https:\/\/zonaroja.com.mx\/index.php?rest_route=\/wp\/v2\/media\/48536"}],"wp:attachment":[{"href":"https:\/\/zonaroja.com.mx\/index.php?rest_route=%2Fwp%2Fv2%2Fmedia&parent=60497"}],"wp:term":[{"taxonomy":"category","embeddable":true,"href":"https:\/\/zonaroja.com.mx\/index.php?rest_route=%2Fwp%2Fv2%2Fcategories&post=60497"},{"taxonomy":"post_tag","embeddable":true,"href":"https:\/\/zonaroja.com.mx\/index.php?rest_route=%2Fwp%2Fv2%2Ftags&post=60497"}],"curies":[{"name":"wp","href":"https:\/\/api.w.org\/{rel}","templated":true}]}}