{"id":60500,"date":"2023-10-02T08:08:55","date_gmt":"2023-10-02T13:08:55","guid":{"rendered":"http:\/\/www.zonaroja.com.mx\/?p=60500"},"modified":"2023-10-02T08:09:00","modified_gmt":"2023-10-02T13:09:00","slug":"opinion-y-diez-meses-despues-obras-abandonadas-de-murat-y-proteccion-de-sinfra","status":"publish","type":"post","link":"https:\/\/zonaroja.com.mx\/?p=60500","title":{"rendered":"Opini\u00f3n. Y diez meses despu\u00e9s, obras abandonadas de Murat y protecci\u00f3n de Sinfra"},"content":{"rendered":"\n<p>Ismael Garc\u00eda M.\/Zona Roja.<\/p>\n\n\n\n<p>Oaxaca de Ju\u00e1rez, Oax., a 2 de octubre de 2023.- Camellones y banquetas sin concluir, as\u00ed como tramos que no se pavimentaron, en la avenida S\u00edmbolos Patrios; graves fallas en la obra del Circuito Interior, con lozas destrozadas en varios puntos; Centro de Convenciones de Huatulco y Centro Cultural en la capital, sin funcionar\u2026 y fuga de muchos millones de pesos sin explicaci\u00f3n.<\/p>\n\n\n\n<p>Esa es parte de la herencia del gobierno de Alejandro Murat Hinojosa con sus obras \u201cinsignia\u201d y que jam\u00e1s se concluyeron, aunque las inaugur\u00f3 al finalizar su sexenio; en resumen, uso indiscriminado y a conveniencia de tres mil 500 millones de pesos.<\/p>\n\n\n\n<p>En entredicho est\u00e1 tambi\u00e9n la 64 Legislatura del Congreso del Estado, dominada entonces y ahora por la mayor\u00eda de Morena, pero incapaz de exigir tocar al Poder Ejecutivo priista para exigirle cuentas.<\/p>\n\n\n\n<p>Lo mismo pasa ahora, a dos a\u00f1os de la actual Legislatura, pese que al ser autorizado el pr\u00e9stamo del famoso decreto n\u00famero 809, hab\u00eda cl\u00e1usulas para la revisi\u00f3n continua, nadie en la C\u00e1mara de Diputados ha abordado el tema.<\/p>\n\n\n\n<p>Y lo peor: en el sexenio actual del morenista Samol\u00f3n Jara Cruz, nadie se atreve a pedir cuenta a los Murat, mientras el secretario de las Infraestructuras, el gabinista Netzahualc\u00f3yotl Salvatierra L\u00f3pez, ha negociado con los priistas para que no se exija a las constructoras y a los ex funcionaros que rindan cuentas.<\/p>\n\n\n\n<p>M\u00e1s a\u00fan, el entonces titular de Sinfra, el mexiquense Javier Lazcano, goza de cabal salud y disfruta de sus millones de pesos en su tierra natal, donde tiene m\u00faltiples inversiones.<\/p>\n\n\n\n<p>\u00bfQU\u00c9 PAS\u00d3?<\/p>\n\n\n\n<p>El 3 de octubre de 2019, la mayor\u00eda morenista de la 64 Legislatura aprob\u00f3 un pr\u00e9stamo por tres mil 500 millones de pesos para, parad\u00f3jicamente, refinanciar deuda acumulada y efectuar obras p\u00fablicas que desde el inicio del sexenio priista no hab\u00eda. Como supuesta condici\u00f3n, el Legislativo cre\u00f3 una Comisi\u00f3n Permanente de Deuda P\u00fablica, que supuestamente vigilar\u00eda el uso del recurso.<\/p>\n\n\n\n<p>Seg\u00fan otro mexiquense, Vicente Mendoza T\u00e9llez Gir\u00f3n, \u201cel \u00fanico objetivo es continuar el mejoramiento de las finanzas p\u00fablicas de Oaxaca para estar en condiciones de invertir mayores recursos en infraestructura social y productiva\u201d, se refiri\u00f3 en un bolet\u00edn de esa fecha.<\/p>\n\n\n\n<p>El argumento de Alejandro Murat fue que no ser\u00eda un \u201ccheque en blanco\u201d; que se realizar\u00edan 118 obras relevantes en todo el estado y que los gobiernos del pasado se hab\u00edan endeudado m\u00e1s.<\/p>\n\n\n\n<p>De ese empr\u00e9stito, se destinar\u00edan 936 millones de pesos para el refinanciamiento de la deuda de largo plazo.<\/p>\n\n\n\n<p>Seg\u00fan el mismo bolet\u00edn, la administraci\u00f3n del gobernador Alejandro Murat concluir\u00eda con un adeudo de 16 mil 800 millones de pesos, \u201clo que implica abonarle dos mil millones de pesos al pago de la deuda global, saldo menor al que recibieron en 2016, cuando la deuda ascend\u00eda a 18 mil 800 millones de pesos.<\/p>\n\n\n\n<p>\u201cEn el a\u00f1o 2004, la gesti\u00f3n del entonces gobernador Jos\u00e9 Murat dej\u00f3 una deuda de 486 millones de pesos; en 2010, Ulises Ruiz Ortiz la subi\u00f3 a 5 mil 807 millones de pesos; y en 2018, Gabino Cu\u00e9 Monteagudo la elev\u00f3 hasta 14 mil 711 millones de pesos\u201d.<\/p>\n\n\n\n<p>SUPUESTAS OBRAS<\/p>\n\n\n\n<p>Pero tras la aprobaci\u00f3n, tardaron al menos otros dos a\u00f1os para que el pr\u00e9stamo se hiciera realidad y en 2022, las obras \u201cde gran envergadura\u201d se hicieron al vapor y con oscuras licitaciones, en que se favorecieron a empresas for\u00e1neas, como ICA, bajo el pretexto de que en Oaxaca las constructoras no ten\u00edan capacidad financiera.<\/p>\n\n\n\n<p>La primera muestra de la improvisaci\u00f3n fue la cancelaci\u00f3n del libramiento sur, al que se destinar\u00edan supuestamente mil millones de pesos; la segunda improvisaci\u00f3n, que los terrenos del antiguo reclusorio de Santa Mar\u00eda Ixcotel ser\u00eda un parque deportivo y recreativo; tampoco se pudo.<\/p>\n\n\n\n<p>Tambi\u00e9n al vapor las inauguraciones, en los \u00faltimos d\u00edas del sexenio de Murat, que, por supuesto, acrecentaron las dudas acerca del destino del dinero y m\u00e1s en la calidad de los trabajos.<\/p>\n\n\n\n<p>Seg\u00fan denunci\u00f3 Salom\u00f3n Jara Cruz en su primer d\u00eda como gobernador, la deuda de Alejandro Murat ascend\u00eda a unos 20 mil millones de pesos y la mayor\u00eda de las obras que se ejecutaron con el pr\u00e9stamo, estaban inconclusas y con severas fallas.<\/p>\n\n\n\n<p>Al Centro de Convenciones de Huatulco se le destinaron m\u00e1s de 300 millones de pesos y no sirve a la fecha; tampoco se ha terminado. A la Casa de las Alas del DIF, se invirtieron m\u00e1s de 60 millones de pesos y tambi\u00e9n se recibieron inservibles.<\/p>\n\n\n\n<p>El Centro Cultural \u201c\u00c1lvaro Carrillo\u201d ascendi\u00f3 a 527 millones de pesos; la remodelaci\u00f3n de la avenida S\u00edmbolos Patrios, al sur de la capital, 160 millones de pesos, aunque seg\u00fan Murat fueron 113.5 millones; el Circuito Interior, m\u00e1s de 500 millones de pesos. \u00bfY las dem\u00e1s obras de la larga lista de m\u00e1s de 100 proyectos?<\/p>\n\n\n\n<p>\u00bfNEGOCIOS DE NETZA?<\/p>\n\n\n\n<p>El principal responsable de no iniciar las acciones de justicia es el actual secretario de las Infraestructuras, Netzahualc\u00f3yotl Salvatierra, funcionario criticado de manera constante por los probables fraudes cometidos en obras p\u00fablicas durante el sexenio de Gabino Cu\u00e9.<\/p>\n\n\n\n<p>(Por cierto, en el Tribunal de Justicia Administrativa y Combate a la Corrupci\u00f3n hay un abultado expediente en que ya se ten\u00eda lista la sentencia contra Salvatierra, por un fraude de m\u00e1s de 60 millones de pesos; al parecer el expediente \u201cdesapareci\u00f3\u201d).<\/p>\n\n\n\n<p>Pero pas\u00f3 el lapso de la entrega-recepci\u00f3n y nada m\u00e1s no tuvo la capacidad para encargar una revisi\u00f3n a detalle de las obras heredadas. O no quiso.<\/p>\n\n\n\n<p>En marzo pasado, dijo que recibi\u00f3 119 obras inconclusas; en otra fecha de los primeros meses, asegur\u00f3 \u2014sin haber consultado al mandatario estatal\u2014 que \u201cya hab\u00eda compromiso\u201d de las constructoras responsables de concluir las obras de Murat y terminar las pendientes. Pero nada.<\/p>\n\n\n\n<p>Absolutamente nada ha hecho Netzahualc\u00f3yotl Salvatierra y basta recorrer la zona metropolitana de la capital para ver las terribles fallas, como los destrozos en el Circuito Interior, a la altura del mercado de Abasto y en jurisdicci\u00f3n de Santa Cruz Xoxocotl\u00e1n; en la agencia de Pueblo Nuevo, un largo tramo ni siquiera fue contemplado en la rehabilitaci\u00f3n.<\/p>\n\n\n\n<p>La avenida S\u00edmbolos Patrios sigue sin ser pavimentado, adem\u00e1s de cunetas, banquetas y otras obras inconclusas. \u00bfCiclov\u00eda?, se contempl\u00f3 pero nunca se hizo.<\/p>\n\n\n\n<p>En dos a\u00f1os, tampoco la 65 Legislatura se ha acordado, adrede y bajo recomendaci\u00f3n de Alejandro Avil\u00e9s, de reactivar la Comisi\u00f3n Permanente de Deuda P\u00fablica y mucho menos<\/p>\n\n\n\n<p>Entonces, \u00bfAlejandro Murat y sus entonces funcionarios seguir\u00e1n impunes?<\/p>\n","protected":false},"excerpt":{"rendered":"<p>Ismael Garc\u00eda M.\/Zona Roja. Oaxaca de Ju\u00e1rez, Oax., a 2 de octubre de 2023.- Camellones&hellip;<\/p>\n","protected":false},"author":2,"featured_media":41735,"comment_status":"closed","ping_status":"open","sticky":false,"template":"","format":"standard","meta":{"_lmt_disableupdate":"","_lmt_disable":"","_jetpack_memberships_contains_paid_content":false,"footnotes":""},"categories":[456,109],"tags":[1353],"class_list":["post-60500","post","type-post","status-publish","format-standard","has-post-thumbnail","hentry","category-columna","category-minuto-a-minuto","tag-opinion-zona-critica"],"jetpack_featured_media_url":"https:\/\/zonaroja.com.mx\/wp-content\/uploads\/2022\/05\/Opinion-Ismael-Garcia-M.jpg","jetpack_sharing_enabled":true,"_links":{"self":[{"href":"https:\/\/zonaroja.com.mx\/index.php?rest_route=\/wp\/v2\/posts\/60500","targetHints":{"allow":["GET"]}}],"collection":[{"href":"https:\/\/zonaroja.com.mx\/index.php?rest_route=\/wp\/v2\/posts"}],"about":[{"href":"https:\/\/zonaroja.com.mx\/index.php?rest_route=\/wp\/v2\/types\/post"}],"author":[{"embeddable":true,"href":"https:\/\/zonaroja.com.mx\/index.php?rest_route=\/wp\/v2\/users\/2"}],"replies":[{"embeddable":true,"href":"https:\/\/zonaroja.com.mx\/index.php?rest_route=%2Fwp%2Fv2%2Fcomments&post=60500"}],"version-history":[{"count":1,"href":"https:\/\/zonaroja.com.mx\/index.php?rest_route=\/wp\/v2\/posts\/60500\/revisions"}],"predecessor-version":[{"id":60501,"href":"https:\/\/zonaroja.com.mx\/index.php?rest_route=\/wp\/v2\/posts\/60500\/revisions\/60501"}],"wp:featuredmedia":[{"embeddable":true,"href":"https:\/\/zonaroja.com.mx\/index.php?rest_route=\/wp\/v2\/media\/41735"}],"wp:attachment":[{"href":"https:\/\/zonaroja.com.mx\/index.php?rest_route=%2Fwp%2Fv2%2Fmedia&parent=60500"}],"wp:term":[{"taxonomy":"category","embeddable":true,"href":"https:\/\/zonaroja.com.mx\/index.php?rest_route=%2Fwp%2Fv2%2Fcategories&post=60500"},{"taxonomy":"post_tag","embeddable":true,"href":"https:\/\/zonaroja.com.mx\/index.php?rest_route=%2Fwp%2Fv2%2Ftags&post=60500"}],"curies":[{"name":"wp","href":"https:\/\/api.w.org\/{rel}","templated":true}]}}