{"id":60510,"date":"2023-10-02T16:14:00","date_gmt":"2023-10-02T21:14:00","guid":{"rendered":"http:\/\/www.zonaroja.com.mx\/?p=60510"},"modified":"2023-10-02T09:16:05","modified_gmt":"2023-10-02T14:16:05","slug":"preven-56-frentes-frios-en-oaxaca-para-la-temporada-2023-204","status":"publish","type":"post","link":"https:\/\/zonaroja.com.mx\/?p=60510","title":{"rendered":"Prev\u00e9n 56 frentes fr\u00edos en Oaxaca para la temporada 2023-204"},"content":{"rendered":"\n<p>Redacci\u00f3n\/Zona Roja.<\/p>\n\n\n\n<p>Oaxaca de Ju\u00e1rez, Oax., a 2 de octubre de 2023.- En la temporada que va de septiembre de 2023 a mayo de 2024, se espera el arribo a la entidad de 56 frentes fr\u00edos, inform\u00f3 Coordinaci\u00f3n Estatal de Protecci\u00f3n Civil y Gesti\u00f3n de Riesgos del gobierno de Oaxaca.<\/p>\n\n\n\n<p>Estar\u00e1n distribuidos en septiembre tres, octubre cinco, noviembre cinco, diciembre ocho, enero 10, febrero nueve, marzo siete, abril seis y en mayo tres, de los cuales,12 pudieran tener efectos directos en el estado con descensos en las temperaturas.<\/p>\n\n\n\n<p>Asimismo, detall\u00f3 que se presentar\u00e1n vientos del norte con rachas fuertes a intensas sobre el Istmo de Tehuantepec y heladas en 138 municipios que se localizan arriba de los mil 500 metros de altura y temperaturas fr\u00edas en 80 municipios por debajo de mil 500 metros.<\/p>\n\n\n\n<p>As\u00ed como oleaje elevado en el Golfo de Tehuantepec y eventos de \u201cNorte\u201d en el oriente del Istmo de Tehuantepec con velocidades superiores a 120 kil\u00f3metros por hora. &nbsp;<\/p>\n\n\n\n<p>Adem\u00e1s, la sensaci\u00f3n t\u00e9rmica comenzar\u00e1 a descender en los pr\u00f3ximos d\u00edas y las zonas que pudieran registrar temperaturas por debajo de cero grados son: Sierra de Ju\u00e1rez, Sierra Sur, Mixteca, zona Mixe, Sierra Mazateca, mientras que en Valles Centrales y la capital del estado el term\u00f3metro pudiera llegar hasta los 3 grados cuando una masa de aire fr\u00edo afecte directamente al territorio oaxaque\u00f1o.<\/p>\n\n\n\n<p>En su comunicado, indic\u00f3 que los frentes fr\u00edos son fen\u00f3menos meteorol\u00f3gicos caracter\u00edsticos de la temporada invernal, que afectan por lo menos tres estaciones del a\u00f1o y tienen su origen en el norte de Canad\u00e1; se internan en los Estados Unidos y salen por el Golfo de M\u00e9xico, donde posteriormente afectan los estados del sureste.<\/p>\n\n\n\n<p>Estos fen\u00f3menos meteorol\u00f3gicos se caracterizan a diferencia de los ciclones tropicales porque van asociados a un sistema de alta presi\u00f3n que les da impulso en su parte trasera y regularmente tienden a afectar al estado de Oaxaca, b\u00e1sicamente en tres etapas.<\/p>\n\n\n\n<p>La primera es la etapa de transici\u00f3n y es la que en este momento se est\u00e1 presentando; se observa a finales de septiembre y octubre y se caracteriza por lluvias intensas.<\/p>\n\n\n\n<p>La segunda etapa comprende los meses de noviembre, diciembre y enero, y es en estos meses cuando la temperatura desciende en ocasiones hasta por debajo del nivel de congelaci\u00f3n, se presentan heladas, cambios bruscos en la temperatura, as\u00ed como vientos fr\u00edos del norte; esta es la etapa m\u00e1s cr\u00edtica del invierno.<\/p>\n\n\n\n<p>Finalmente, en los meses de febrero y marzo se presenta la tercera etapa, con vientos del norte que generan tolvaneras, efecto de norte fuerte a intenso en el Istmo y Golfo de Tehuantepec y en ocasiones norte severo en el tramo La Venta-La Ventosa y granizadas en Valles Centrales y Mixteca.<\/p>\n","protected":false},"excerpt":{"rendered":"<p>Redacci\u00f3n\/Zona Roja. Oaxaca de Ju\u00e1rez, Oax., a 2 de octubre de 2023.- En la temporada&hellip;<\/p>\n","protected":false},"author":2,"featured_media":36042,"comment_status":"closed","ping_status":"open","sticky":false,"template":"","format":"standard","meta":{"_lmt_disableupdate":"","_lmt_disable":"","_jetpack_memberships_contains_paid_content":false,"footnotes":""},"categories":[109,47],"tags":[3693],"class_list":["post-60510","post","type-post","status-publish","format-standard","has-post-thumbnail","hentry","category-minuto-a-minuto","category-zona-gris","tag-frente-frio-oaxaca"],"jetpack_featured_media_url":"https:\/\/zonaroja.com.mx\/wp-content\/uploads\/2022\/01\/Heladas-Oaxaca-frio.jpg","jetpack_sharing_enabled":true,"_links":{"self":[{"href":"https:\/\/zonaroja.com.mx\/index.php?rest_route=\/wp\/v2\/posts\/60510","targetHints":{"allow":["GET"]}}],"collection":[{"href":"https:\/\/zonaroja.com.mx\/index.php?rest_route=\/wp\/v2\/posts"}],"about":[{"href":"https:\/\/zonaroja.com.mx\/index.php?rest_route=\/wp\/v2\/types\/post"}],"author":[{"embeddable":true,"href":"https:\/\/zonaroja.com.mx\/index.php?rest_route=\/wp\/v2\/users\/2"}],"replies":[{"embeddable":true,"href":"https:\/\/zonaroja.com.mx\/index.php?rest_route=%2Fwp%2Fv2%2Fcomments&post=60510"}],"version-history":[{"count":1,"href":"https:\/\/zonaroja.com.mx\/index.php?rest_route=\/wp\/v2\/posts\/60510\/revisions"}],"predecessor-version":[{"id":60511,"href":"https:\/\/zonaroja.com.mx\/index.php?rest_route=\/wp\/v2\/posts\/60510\/revisions\/60511"}],"wp:featuredmedia":[{"embeddable":true,"href":"https:\/\/zonaroja.com.mx\/index.php?rest_route=\/wp\/v2\/media\/36042"}],"wp:attachment":[{"href":"https:\/\/zonaroja.com.mx\/index.php?rest_route=%2Fwp%2Fv2%2Fmedia&parent=60510"}],"wp:term":[{"taxonomy":"category","embeddable":true,"href":"https:\/\/zonaroja.com.mx\/index.php?rest_route=%2Fwp%2Fv2%2Fcategories&post=60510"},{"taxonomy":"post_tag","embeddable":true,"href":"https:\/\/zonaroja.com.mx\/index.php?rest_route=%2Fwp%2Fv2%2Ftags&post=60510"}],"curies":[{"name":"wp","href":"https:\/\/api.w.org\/{rel}","templated":true}]}}