{"id":60512,"date":"2023-10-02T18:08:32","date_gmt":"2023-10-02T23:08:32","guid":{"rendered":"http:\/\/www.zonaroja.com.mx\/?p=60512"},"modified":"2023-10-02T18:08:37","modified_gmt":"2023-10-02T23:08:37","slug":"reconoce-madre-que-se-llevo-a-su-hija-detienen-a-su-complice","status":"publish","type":"post","link":"https:\/\/zonaroja.com.mx\/?p=60512","title":{"rendered":"Reconoce madre que se llev\u00f3 a su hija; detienen a su c\u00f3mplice"},"content":{"rendered":"\n<p>Ismael Garc\u00eda M.\/Zona Roja.<\/p>\n\n\n\n<p>Oaxaca de Ju\u00e1rez, Oax., a 2 de octubre de 2023.- \u201cLa ni\u00f1a supuestamente que publicaron en el Facebook que es un robo, no es un robo; yo lo hice porque ya estaba desesperada, porque yo quiero estar con mi hija; yo solamente lo hice por amor a mi hija, porque ellos no me la dejaron ver, me la quitaron\u201d.<\/p>\n\n\n\n<p>Eso difundi\u00f3 en redes sociales la supuesta madre de Jamileth Concepci\u00f3n Hern\u00e1ndez Ram\u00edrez, menor de cuatro a\u00f1os de edad que fue quitada con violencia a la abuela el pasado 30 de septiembre en el Infonavit Primero de Mayo de la ciudad de Oaxaca.<\/p>\n\n\n\n<p>En tanto, la polic\u00eda municipal de Oaxaca de Ju\u00e1rez dio a conocer la detenci\u00f3n de Pablo F. R. G., de 48 a\u00f1os de edad, por presuntamente participar en la sustracci\u00f3n de la peque\u00f1a, de acuerdo con videos difundidos anteayer.<\/p>\n\n\n\n<p>Fue detenido el domingo \u201cpor resistencia a particulares\u201d, tras haberlo localizado en zona de la agencia de Cinco Se\u00f1ores de la capital.<\/p>\n\n\n\n<p>\u201cAl abordar al sospechoso, \u00e9ste asumi\u00f3 una actitud agresiva, indicando que s\u00f3lo hab\u00eda apoyado a la mam\u00e1 de la ni\u00f1a, pero desconoc\u00eda su paradero. El sujeto continu\u00f3 comport\u00e1ndose de manera agresiva y se resisti\u00f3 al arresto\u201d, indic\u00f3 la autoridad local; el individuo fue puesto a disposici\u00f3n del Ministerio P\u00fablico.<\/p>\n\n\n\n<p>Mientras tanto, el padre de Jamileth Concepci\u00f3n recorre la ciudad pegando copias fotost\u00e1ticas de la ficha de b\u00fasqueda en distintos sitios, incluyendo transporte p\u00fablico, para dar con el paradero de su peque\u00f1a de cuatro a\u00f1os de edad.<\/p>\n\n\n\n<p>\u201cMe la quitaron y adem\u00e1s ella no tiene los apellidos de ellos, es mi hija, Jamileth Concepci\u00f3n Hern\u00e1ndez Ram\u00edrez es el nombre y ellos est\u00e1n haciendo todo lo posible por quit\u00e1rmela; yo nada m\u00e1s lo hice por amor\u2026 ellos no me la dejaban ver por eso hice eso, para estar con mi hija\u201d, difundi\u00f3 la mujer quien se identific\u00f3 como Jazm\u00edn, tras preguntar a la menor con qui\u00e9n quer\u00eda estar.<\/p>\n\n\n\n<p>La Fiscal\u00eda General del Estado de Oaxaca mantiene la ficha de b\u00fasqueda de la peque\u00f1a, con la finalidad de restituirla a quien cuente legalmente con la patria potestad.<\/p>\n","protected":false},"excerpt":{"rendered":"<p>Ismael Garc\u00eda M.\/Zona Roja. Oaxaca de Ju\u00e1rez, Oax., a 2 de octubre de 2023.- \u201cLa&hellip;<\/p>\n","protected":false},"author":2,"featured_media":60513,"comment_status":"closed","ping_status":"open","sticky":false,"template":"","format":"standard","meta":{"_lmt_disableupdate":"","_lmt_disable":"","_jetpack_memberships_contains_paid_content":false,"footnotes":""},"categories":[109,47],"tags":[3694,148],"class_list":["post-60512","post","type-post","status-publish","format-standard","has-post-thumbnail","hentry","category-minuto-a-minuto","category-zona-gris","tag-jamileth-concepcion-hernandez-ramirez","tag-oaxaca-de-juarez"],"jetpack_featured_media_url":"https:\/\/zonaroja.com.mx\/wp-content\/uploads\/2023\/10\/Jamileth-Concepcion-Oaxaca.jpg","jetpack_sharing_enabled":true,"_links":{"self":[{"href":"https:\/\/zonaroja.com.mx\/index.php?rest_route=\/wp\/v2\/posts\/60512","targetHints":{"allow":["GET"]}}],"collection":[{"href":"https:\/\/zonaroja.com.mx\/index.php?rest_route=\/wp\/v2\/posts"}],"about":[{"href":"https:\/\/zonaroja.com.mx\/index.php?rest_route=\/wp\/v2\/types\/post"}],"author":[{"embeddable":true,"href":"https:\/\/zonaroja.com.mx\/index.php?rest_route=\/wp\/v2\/users\/2"}],"replies":[{"embeddable":true,"href":"https:\/\/zonaroja.com.mx\/index.php?rest_route=%2Fwp%2Fv2%2Fcomments&post=60512"}],"version-history":[{"count":1,"href":"https:\/\/zonaroja.com.mx\/index.php?rest_route=\/wp\/v2\/posts\/60512\/revisions"}],"predecessor-version":[{"id":60514,"href":"https:\/\/zonaroja.com.mx\/index.php?rest_route=\/wp\/v2\/posts\/60512\/revisions\/60514"}],"wp:featuredmedia":[{"embeddable":true,"href":"https:\/\/zonaroja.com.mx\/index.php?rest_route=\/wp\/v2\/media\/60513"}],"wp:attachment":[{"href":"https:\/\/zonaroja.com.mx\/index.php?rest_route=%2Fwp%2Fv2%2Fmedia&parent=60512"}],"wp:term":[{"taxonomy":"category","embeddable":true,"href":"https:\/\/zonaroja.com.mx\/index.php?rest_route=%2Fwp%2Fv2%2Fcategories&post=60512"},{"taxonomy":"post_tag","embeddable":true,"href":"https:\/\/zonaroja.com.mx\/index.php?rest_route=%2Fwp%2Fv2%2Ftags&post=60512"}],"curies":[{"name":"wp","href":"https:\/\/api.w.org\/{rel}","templated":true}]}}