{"id":60515,"date":"2023-10-02T18:45:32","date_gmt":"2023-10-02T23:45:32","guid":{"rendered":"http:\/\/www.zonaroja.com.mx\/?p=60515"},"modified":"2023-10-02T18:45:37","modified_gmt":"2023-10-02T23:45:37","slug":"la-sedena-le-quita-empleo-a-empresas-y-familias-oaxaquenas","status":"publish","type":"post","link":"https:\/\/zonaroja.com.mx\/?p=60515","title":{"rendered":"La Sedena le quita empleo a empresas y familias oaxaque\u00f1as"},"content":{"rendered":"\n<p>Ismael Garc\u00eda M.\/Zona Roja.<\/p>\n\n\n\n<p>Oaxaca de Ju\u00e1rez, Oax., a 2 de octubre de 2023.- Tras el anuncio oficial de que la Secretar\u00eda de la Defensa Nacional (Sedena) se har\u00e1 cargo de la elaboraci\u00f3n de uniformes escolares en Oaxaca, familias y empresarios lamentaron que el gobierno quite empleos e ingresos a los oaxaque\u00f1os.<\/p>\n\n\n\n<p>Son alrededor de 100 empresas locales aglutinadas en el Grupo Textiles \u201cOcho Regiones\u201d que dejar\u00edan de obtener ingresos aproximados a los 170 millones de pesos, dieron a conocer esta ma\u00f1ana.<\/p>\n\n\n\n<p>En conferencia de prensa frente al Palacio de Gobierno, lamentaron el anuncio del Instituto Estatal de Educaci\u00f3n P\u00fablica de Oaxaca (IEEPO), confirmada por su titular Emilio Montero P\u00e9rez, de otorgar ese trabajo al personal del Ej\u00e9rcito Mexicano.<\/p>\n\n\n\n<p>\u201cVenimos a solicitar una mes de di\u00e1logo con el se\u00f1or gobernador; como es sabido de todo, somos proveedores de uniformes en este programa, canjeando vales. Nuestra preocupaci\u00f3n es que al d\u00eda de hoy, iniciando este sexenio, no tenemos nada de informaci\u00f3n, vivimos en la incertidumbre\u201d, dijo una de las manifestantes.<\/p>\n\n\n\n<p>A nombre de sus compa\u00f1eros del ramo, explic\u00f3 que desde el mes de junio pasado presentaron la documentaci\u00f3n que se les requiere para pertenecer al programa, seg\u00fan se la solicitaron; tras ello, personal del programa verific\u00f3 que son empresas formalmente constituidas.<\/p>\n\n\n\n<p>\u201cTenemos inversi\u00f3n ya hecha pero hasta el d\u00eda de hoy sigue la incertidumbre, hay falta de informaci\u00f3n. Nos dicen que tenemos una reuni\u00f3n el 6 de octubre, pero ya ten\u00edamos conocimiento de esa reuni\u00f3n, con la Secretar\u00eda de Bienestar, con la cual nos reunimos hace tres meses\u201d, detall\u00f3.<\/p>\n\n\n\n<p>Agreg\u00f3 que personal de Bienestar no les ha dado m\u00e1s detalles: \u201cQu\u00e9 va a pasar con las m\u00e1s de 100 empresas que pertenecemos a este programa, \u00bfnos vamos a quedar con la inversi\u00f3n ya hecha?, \u00bfva a haber uniformes, canje de vales?\u201d, se\u00f1al\u00f3.<\/p>\n\n\n\n<p>Reproch\u00f3 el actual gobierno estatal dice que no quieren bloqueos pero los inconformes han exigido di\u00e1logo y no han sido atendidos y menos tienen respuestas.<\/p>\n\n\n\n<p>\u201cEstamos preocupados porque en a\u00f1os anteriores se hace el corte de los vales para la facturaci\u00f3n y realmente no hemos visto ning\u00fan avance; invertimos desde enero-febrero\u201d, expuso otro de los inconformes.<\/p>\n\n\n\n<p>Tras ello acudieron a la oficina del programa de uniformes, en la agencia de San Felipe del Agua de la capital, donde tambi\u00e9n efectuaron una protesta.<\/p>\n\n\n\n<figure class=\"wp-block-embed\"><div class=\"wp-block-embed__wrapper\">\nhttps:\/\/x.com\/ZonaRoja_Oaxaca\/status\/1708915599768719689?s=20\n<\/div><\/figure>\n","protected":false},"excerpt":{"rendered":"<p>Ismael Garc\u00eda M.\/Zona Roja. Oaxaca de Ju\u00e1rez, Oax., a 2 de octubre de 2023.- Tras&hellip;<\/p>\n","protected":false},"author":2,"featured_media":60516,"comment_status":"closed","ping_status":"open","sticky":false,"template":"","format":"standard","meta":{"_lmt_disableupdate":"","_lmt_disable":"","_jetpack_memberships_contains_paid_content":false,"footnotes":""},"categories":[109,47],"tags":[2264],"class_list":["post-60515","post","type-post","status-publish","format-standard","has-post-thumbnail","hentry","category-minuto-a-minuto","category-zona-gris","tag-bloqueos-y-protestas-oaxaca"],"jetpack_featured_media_url":"https:\/\/zonaroja.com.mx\/wp-content\/uploads\/2023\/10\/Protesta-proveedores-uniformes-escolares-Oaxaca.jpg","jetpack_sharing_enabled":true,"_links":{"self":[{"href":"https:\/\/zonaroja.com.mx\/index.php?rest_route=\/wp\/v2\/posts\/60515","targetHints":{"allow":["GET"]}}],"collection":[{"href":"https:\/\/zonaroja.com.mx\/index.php?rest_route=\/wp\/v2\/posts"}],"about":[{"href":"https:\/\/zonaroja.com.mx\/index.php?rest_route=\/wp\/v2\/types\/post"}],"author":[{"embeddable":true,"href":"https:\/\/zonaroja.com.mx\/index.php?rest_route=\/wp\/v2\/users\/2"}],"replies":[{"embeddable":true,"href":"https:\/\/zonaroja.com.mx\/index.php?rest_route=%2Fwp%2Fv2%2Fcomments&post=60515"}],"version-history":[{"count":1,"href":"https:\/\/zonaroja.com.mx\/index.php?rest_route=\/wp\/v2\/posts\/60515\/revisions"}],"predecessor-version":[{"id":60517,"href":"https:\/\/zonaroja.com.mx\/index.php?rest_route=\/wp\/v2\/posts\/60515\/revisions\/60517"}],"wp:featuredmedia":[{"embeddable":true,"href":"https:\/\/zonaroja.com.mx\/index.php?rest_route=\/wp\/v2\/media\/60516"}],"wp:attachment":[{"href":"https:\/\/zonaroja.com.mx\/index.php?rest_route=%2Fwp%2Fv2%2Fmedia&parent=60515"}],"wp:term":[{"taxonomy":"category","embeddable":true,"href":"https:\/\/zonaroja.com.mx\/index.php?rest_route=%2Fwp%2Fv2%2Fcategories&post=60515"},{"taxonomy":"post_tag","embeddable":true,"href":"https:\/\/zonaroja.com.mx\/index.php?rest_route=%2Fwp%2Fv2%2Ftags&post=60515"}],"curies":[{"name":"wp","href":"https:\/\/api.w.org\/{rel}","templated":true}]}}