{"id":60518,"date":"2023-10-02T21:39:39","date_gmt":"2023-10-03T02:39:39","guid":{"rendered":"http:\/\/www.zonaroja.com.mx\/?p=60518"},"modified":"2023-10-02T21:39:45","modified_gmt":"2023-10-03T02:39:45","slug":"en-la-secretaria-de-administracion-se-cuidaron-los-recursos-con-honestidad","status":"publish","type":"post","link":"https:\/\/zonaroja.com.mx\/?p=60518","title":{"rendered":"En la Secretar\u00eda de Administraci\u00f3n, \u201cse cuidaron los recursos con honestidad\u201d"},"content":{"rendered":"\n<p>Redacci\u00f3n\/Zona Roja.<\/p>\n\n\n\n<p>Oaxaca de Ju\u00e1rez, Oax., a 2 de octubre de 2023.- \u201cTenga la seguridad que mientras estuve al cargo de la Secretar\u00eda de Administraci\u00f3n se cuidaron los recursos humanos y materiales de nuestro Gobierno del Estado, de una manera austera, honesta y trasparente\u201d.<\/p>\n\n\n\n<p>As\u00ed lo estableci\u00f3 Antonino Morales Toledo, al agradecer al mandatario Salom\u00f3n Jara Cruz la confianza en su persona durante los 10 meses en que estuvo al frente de la dependencia.<\/p>\n\n\n\n<p>Y es que durante su conferencia semana, el Ejecutivo estatal hizo p\u00fablica la renuncia de Morales Toledo a la Secretar\u00eda de Administraci\u00f3n y de Laura Estrada Mauro en la Secretar\u00eda de Bienestar.<\/p>\n\n\n\n<p>El ahora ex titular de la pol\u00edtica administrativa estatal, destac\u00f3 la<\/p>\n\n\n\n<p>importancia que para \u00e9l, signific\u00f3 haber servido al primer gobierno de la transformaci\u00f3n en Oaxaca y que es encabezado el ingeniero Salom\u00f3n Jara Cruz.<\/p>\n\n\n\n<p>Morales Toledo dijo que a lo largo de diez meses, sirvi\u00f3 con alegr\u00eda y vocaci\u00f3n al pueblo, tiempo en el que pudo contribuir a la transformaci\u00f3n democr\u00e1tica de la vida p\u00fablica oaxaque\u00f1a.<\/p>\n\n\n\n<p>El joven pol\u00edtico istme\u00f1o manifest\u00f3 que los motivos que lo animan a renunciar es en virtud de seguir sirviendo al Estado y al movimiento desde otro rubro, &nbsp;ejerciendo otras actividades, trabajando firme y leal a los principios de la cuarta transformaci\u00f3n&nbsp;<\/p>\n\n\n\n<p>Antonino Morales, destac\u00f3 que fue \u00a0un honor trabajar para la administraci\u00f3n que encabeza Salom\u00f3n Jara Cruz, por el bien de Oaxaca y por el bien de M\u00e9xico.<\/p>\n\n\n\n<figure class=\"wp-block-embed\"><div class=\"wp-block-embed__wrapper\">\nhttps:\/\/x.com\/ZonaRoja_Oaxaca\/status\/1708926901794803912?s=20\n<\/div><\/figure>\n","protected":false},"excerpt":{"rendered":"<p>Redacci\u00f3n\/Zona Roja. Oaxaca de Ju\u00e1rez, Oax., a 2 de octubre de 2023.- \u201cTenga la seguridad&hellip;<\/p>\n","protected":false},"author":2,"featured_media":60519,"comment_status":"closed","ping_status":"open","sticky":false,"template":"","format":"standard","meta":{"_lmt_disableupdate":"","_lmt_disable":"","_jetpack_memberships_contains_paid_content":false,"footnotes":""},"categories":[109,46],"tags":[180],"class_list":["post-60518","post","type-post","status-publish","format-standard","has-post-thumbnail","hentry","category-minuto-a-minuto","category-zona-blanca","tag-antonino-morales-toledo"],"jetpack_featured_media_url":"https:\/\/zonaroja.com.mx\/wp-content\/uploads\/2023\/10\/Antonino-Morales-y-Salomon-Jara.jpg","jetpack_sharing_enabled":true,"_links":{"self":[{"href":"https:\/\/zonaroja.com.mx\/index.php?rest_route=\/wp\/v2\/posts\/60518","targetHints":{"allow":["GET"]}}],"collection":[{"href":"https:\/\/zonaroja.com.mx\/index.php?rest_route=\/wp\/v2\/posts"}],"about":[{"href":"https:\/\/zonaroja.com.mx\/index.php?rest_route=\/wp\/v2\/types\/post"}],"author":[{"embeddable":true,"href":"https:\/\/zonaroja.com.mx\/index.php?rest_route=\/wp\/v2\/users\/2"}],"replies":[{"embeddable":true,"href":"https:\/\/zonaroja.com.mx\/index.php?rest_route=%2Fwp%2Fv2%2Fcomments&post=60518"}],"version-history":[{"count":1,"href":"https:\/\/zonaroja.com.mx\/index.php?rest_route=\/wp\/v2\/posts\/60518\/revisions"}],"predecessor-version":[{"id":60520,"href":"https:\/\/zonaroja.com.mx\/index.php?rest_route=\/wp\/v2\/posts\/60518\/revisions\/60520"}],"wp:featuredmedia":[{"embeddable":true,"href":"https:\/\/zonaroja.com.mx\/index.php?rest_route=\/wp\/v2\/media\/60519"}],"wp:attachment":[{"href":"https:\/\/zonaroja.com.mx\/index.php?rest_route=%2Fwp%2Fv2%2Fmedia&parent=60518"}],"wp:term":[{"taxonomy":"category","embeddable":true,"href":"https:\/\/zonaroja.com.mx\/index.php?rest_route=%2Fwp%2Fv2%2Fcategories&post=60518"},{"taxonomy":"post_tag","embeddable":true,"href":"https:\/\/zonaroja.com.mx\/index.php?rest_route=%2Fwp%2Fv2%2Ftags&post=60518"}],"curies":[{"name":"wp","href":"https:\/\/api.w.org\/{rel}","templated":true}]}}