{"id":60521,"date":"2023-10-02T22:47:47","date_gmt":"2023-10-03T03:47:47","guid":{"rendered":"http:\/\/www.zonaroja.com.mx\/?p=60521"},"modified":"2023-10-02T22:47:52","modified_gmt":"2023-10-03T03:47:52","slug":"otro-lunes-caotico-en-oaxaca-con-multiples-protestas-sociales","status":"publish","type":"post","link":"https:\/\/zonaroja.com.mx\/?p=60521","title":{"rendered":"Otro lunes ca\u00f3tico en Oaxaca, con m\u00faltiples protestas sociales"},"content":{"rendered":"\n<p>Ismael Garc\u00eda M.\/Zona Roja.<\/p>\n\n\n\n<p>Oaxaca de Ju\u00e1rez, Oax., a 2 de octubre de 2023.- De nueva cuenta, la semana inici\u00f3 en Oaxaca con una ola de protestas y bloqueos carreteros.<\/p>\n\n\n\n<p>A temprana hora, un grupo de vendedores ambulantes se concentr\u00f3 a un costado de la carretera federal Oaxaca-Puerto Escondido, a la altura del crucero&nbsp; al aeropuerto, para exigir les permitan vender sus productos en la zona arqueol\u00f3gica de Monte Alb\u00e1n.<\/p>\n\n\n\n<p>Paralelo a ello, otro grupo, \u00e9ste de trabajadores del Instituto Nacional de Antropolog\u00eda e Historia, cerr\u00f3 el acceso vial a dicha zona, para impedir el ingreso de vendedores.<\/p>\n\n\n\n<p>Al no hallar respuesta, los primeros inconformes protestaron en la Alameda de Le\u00f3n, en busca de la intervenci\u00f3n de autoridades estatales y federales, a fin de que les permitan vender.<\/p>\n\n\n\n<p>Mientras tanto, habitantes de la agencia de Pueblo Nuevo se concentraron en el crucero a Trinidad de Viguera de la carretera Oaxaca-M\u00e9xico, donde despu\u00e9s del mediod\u00eda cerraron la vialidad.<\/p>\n\n\n\n<p>La exigencia es la dotaci\u00f3n de agua potable para diversos asentamientos y acusaciones contra el organismo Sistema Operador de Agua Potable y Alcantarillado (SOAPA). Se retiraron por la tarde pero se reinstalar\u00e1n ma\u00f1ana temprano.<\/p>\n\n\n\n<p>La Secretar\u00eda de Gobierno (Sego) respondi\u00f3 a trav\u00e9s de redes sociales que el problema es de \u00edndole pol\u00edtico y econ\u00f3mico y que no ceder\u00e1 a ese tipo de exigencias; el ayuntamiento de Oaxaca de Ju\u00e1rez del morenista Francisco Mart\u00ednez Neri, guard\u00f3 silencio.<\/p>\n\n\n\n<p>A su vez, en el exterior del Palacio de Gobierno, la Red Estatal de V\u00edctimas \u201cTom\u00e1s Mart\u00ednez\u201d denunci\u00f3 la detenci\u00f3n de un integrante del colectivo de activistas y pidi\u00f3 a las autoridades de procuraci\u00f3n de justicia informar acerca de la situaci\u00f3n jur\u00eddica del individuo.<\/p>\n\n\n\n<p>Tambi\u00e9n en el z\u00f3calo, integrantes del Sindicato Federal Democr\u00e1tico de Salud volvieron a manifestarse para exigir la renuncia de funcionarios de los Servicios de Salud de Oaxaca.<\/p>\n\n\n\n<p>Por la tarde, el colectivo \u201cOaxaque\u00f1os Unidos Exigiendo Justicia\u201d realiz\u00f3 una marcha en el centro de la ciudad de Oaxaca, para denunciar y visibilizar la desaparici\u00f3n de sus familiares y exigir al gobierno la aparici\u00f3n con vida, justicia y reparaci\u00f3n del da\u00f1o a v\u00edctimas.<\/p>\n\n\n\n<p>Y alrededor de las 17:00 horas, normalistas de diversos planteles marcharon de la fuente de las Ocho Regiones al z\u00f3calo, en el aniversario de la matanza del 2 de octubre en Tlatelolco, Ciudad de M\u00e9xico.<\/p>\n\n\n\n<p>A su paso realizaron pintas en paredes y luego vandalizaron una sucursal de Caja Popular Mexicana, ubicada en la calle Murgu\u00eda esquina con avenida Ju\u00e1rez; finalmente la actividad concluy\u00f3 con saldo blanco.<\/p>\n\n\n\n<p>EN LAS REGIONES<\/p>\n\n\n\n<p>En la regi\u00f3n del Istmo de Tehuantepec, un grupo de trabajadores de la e\u00f3lica Gamesa cerraron por unas horas la carretera Panamericana, en el tramo Juchit\u00e1n-La Ventosa, para exigir la reinstalaci\u00f3n de un empleado despedido; despu\u00e9s del mediod\u00eda se retiraron.<\/p>\n\n\n\n<p>En Pinotepa Nacional, regi\u00f3n Costa, pobladores de las agencias municipales se apoderaron por unas horas de la sede del gobierno local, para exigir al edil perredista Antonio Marbel Jim\u00e9nez, apoyos y obras para las comunidades. Por la ma\u00f1ana, un grupo de normalistas march\u00f3 en esa ciudad colindante con Guerrero por los hechos del 2 de octubre de 1968.&nbsp;<\/p>\n\n\n\n<p>Mientras que en Huajuapan de Le\u00f3n, regi\u00f3n Mixteca, un grupo de transportistas protest\u00f3 en el Centro de Justicia, por la detenci\u00f3n de uno de sus militantes.<\/p>\n","protected":false},"excerpt":{"rendered":"<p>Ismael Garc\u00eda M.\/Zona Roja. Oaxaca de Ju\u00e1rez, Oax., a 2 de octubre de 2023.- De&hellip;<\/p>\n","protected":false},"author":2,"featured_media":60522,"comment_status":"closed","ping_status":"open","sticky":false,"template":"","format":"standard","meta":{"_lmt_disableupdate":"","_lmt_disable":"","_jetpack_memberships_contains_paid_content":false,"footnotes":""},"categories":[109,47],"tags":[2264],"class_list":["post-60521","post","type-post","status-publish","format-standard","has-post-thumbnail","hentry","category-minuto-a-minuto","category-zona-gris","tag-bloqueos-y-protestas-oaxaca"],"jetpack_featured_media_url":"https:\/\/zonaroja.com.mx\/wp-content\/uploads\/2023\/10\/Protestas-y-bloqueos-2-de-octubre.jpg","jetpack_sharing_enabled":true,"_links":{"self":[{"href":"https:\/\/zonaroja.com.mx\/index.php?rest_route=\/wp\/v2\/posts\/60521","targetHints":{"allow":["GET"]}}],"collection":[{"href":"https:\/\/zonaroja.com.mx\/index.php?rest_route=\/wp\/v2\/posts"}],"about":[{"href":"https:\/\/zonaroja.com.mx\/index.php?rest_route=\/wp\/v2\/types\/post"}],"author":[{"embeddable":true,"href":"https:\/\/zonaroja.com.mx\/index.php?rest_route=\/wp\/v2\/users\/2"}],"replies":[{"embeddable":true,"href":"https:\/\/zonaroja.com.mx\/index.php?rest_route=%2Fwp%2Fv2%2Fcomments&post=60521"}],"version-history":[{"count":1,"href":"https:\/\/zonaroja.com.mx\/index.php?rest_route=\/wp\/v2\/posts\/60521\/revisions"}],"predecessor-version":[{"id":60523,"href":"https:\/\/zonaroja.com.mx\/index.php?rest_route=\/wp\/v2\/posts\/60521\/revisions\/60523"}],"wp:featuredmedia":[{"embeddable":true,"href":"https:\/\/zonaroja.com.mx\/index.php?rest_route=\/wp\/v2\/media\/60522"}],"wp:attachment":[{"href":"https:\/\/zonaroja.com.mx\/index.php?rest_route=%2Fwp%2Fv2%2Fmedia&parent=60521"}],"wp:term":[{"taxonomy":"category","embeddable":true,"href":"https:\/\/zonaroja.com.mx\/index.php?rest_route=%2Fwp%2Fv2%2Fcategories&post=60521"},{"taxonomy":"post_tag","embeddable":true,"href":"https:\/\/zonaroja.com.mx\/index.php?rest_route=%2Fwp%2Fv2%2Ftags&post=60521"}],"curies":[{"name":"wp","href":"https:\/\/api.w.org\/{rel}","templated":true}]}}