{"id":60524,"date":"2023-10-03T07:59:02","date_gmt":"2023-10-03T12:59:02","guid":{"rendered":"http:\/\/www.zonaroja.com.mx\/?p=60524"},"modified":"2023-10-03T07:59:06","modified_gmt":"2023-10-03T12:59:06","slug":"otorga-el-coneval-reconocimiento-al-centro-de-informacion-de-justicia-indigena","status":"publish","type":"post","link":"https:\/\/zonaroja.com.mx\/?p=60524","title":{"rendered":"Otorga el\u00a0Coneval\u00a0reconocimiento\u00a0al Centro de Informaci\u00f3n de Justicia Ind\u00edgena"},"content":{"rendered":"\n<p>Redacci\u00f3n\/Zona Roja.<\/p>\n\n\n\n<p>Oaxaca de Ju\u00e1rez, Oax., a 3 de octubre de 2023.- En el marco del&nbsp;reconocimiento&nbsp;\u201cBuenas pr\u00e1cticas de monitoreo y evaluaci\u00f3n en las entidades federativas, municipios y sociedad civil 2023\u201d, el Consejo Nacional de Evaluaci\u00f3n de la Pol\u00edtica de Desarrollo Social (Coneval) otorg\u00f3&nbsp;al Poder Judicial del Estado de Oaxaca un reconocimiento y&nbsp;Menci\u00f3n Honor\u00edfica&nbsp;por la&nbsp;implementaci\u00f3n del&nbsp;Centro de Informaci\u00f3n de Justicia Ind\u00edgena(CIJI).&nbsp;<\/p>\n\n\n\n<p>Esta&nbsp;plataforma digital,&nbsp;a la que se accede a trav\u00e9s del enlace&nbsp;https:\/\/justiciaindigenaoaxaca.mx\/&nbsp;salvaguarda y di\u00e1logo en torno a los sistemas jur\u00eddicos ind\u00edgenas que se configuran en la entidad,&nbsp;es resultado del trabajo conjunto con&nbsp;el Instituto Nacional de los Pueblos Ind\u00edgenas (INPI),&nbsp;el Programa Pluralismo Jur\u00eddico y Eficacia de Derechos del Centro de Investigaciones y Estudios Superiores en Antropolog\u00eda Social (Plural-Ciesas)&nbsp;y la Sala de Justicia Ind\u00edgena.<\/p>\n\n\n\n<p>En la misiva, en que se comunica al titular del Poder Judicial del Estado, magistrado Eduardo Pinacho S\u00e1nchez el otorgamiento de&nbsp;la&nbsp;Menci\u00f3n Honor\u00edfica, en la categor\u00eda Abierta, el secretario ejecutivo del Coneval, Jos\u00e9 Nabor Cruz Marcelo,&nbsp;destac\u00f3&nbsp;el compromiso del Tribunal de Justicia del Estado de Oaxaca por generar los instrumentos que acercan la justicia a grupos hist\u00f3ricamente vulnerables.<\/p>\n\n\n\n<p>Al respecto, el magistrado presidente&nbsp;celebr\u00f3 este reconocimiento&nbsp;e indic\u00f3 que con el CIJI&nbsp;se avanza&nbsp;en la digitalizaci\u00f3n de los acervos judiciales, pero tambi\u00e9n&nbsp;se integraun instrumento \u00fatil para que impartidores de justicia, investigadores, acad\u00e9micos y el p\u00fablico en general, accedan a los expedientes y puedan valorar los criterios judiciales a la luz de informaci\u00f3n complementaria, derivada de asuntos que ha conocido la Sala de Justicia Ind\u00edgena.<\/p>\n\n\n\n<p>La distinci\u00f3n ser\u00e1 entregada&nbsp;al titular del Poder Judicial del Estado&nbsp;el pr\u00f3ximo 20 de octubre en el marco del Seminario de Buenas Pr\u00e1cticas de Monitoreo y Evaluaci\u00f3n en Entidades Federativas, Municipios y Sociedad Civil 2023, a efectuarse en la Ciudad de M\u00e9xico.<\/p>\n","protected":false},"excerpt":{"rendered":"<p>Redacci\u00f3n\/Zona Roja. Oaxaca de Ju\u00e1rez, Oax., a 3 de octubre de 2023.- En el marco&hellip;<\/p>\n","protected":false},"author":2,"featured_media":60525,"comment_status":"closed","ping_status":"open","sticky":false,"template":"","format":"standard","meta":{"_lmt_disableupdate":"","_lmt_disable":"","_jetpack_memberships_contains_paid_content":false,"footnotes":""},"categories":[109,46],"tags":[223],"class_list":["post-60524","post","type-post","status-publish","format-standard","has-post-thumbnail","hentry","category-minuto-a-minuto","category-zona-blanca","tag-poder-judicial-de-oaxaca"],"jetpack_featured_media_url":"https:\/\/zonaroja.com.mx\/wp-content\/uploads\/2023\/10\/Centro-de-Informacion-y-Justicia-Indigena-Oaxaca.jpeg","jetpack_sharing_enabled":true,"_links":{"self":[{"href":"https:\/\/zonaroja.com.mx\/index.php?rest_route=\/wp\/v2\/posts\/60524","targetHints":{"allow":["GET"]}}],"collection":[{"href":"https:\/\/zonaroja.com.mx\/index.php?rest_route=\/wp\/v2\/posts"}],"about":[{"href":"https:\/\/zonaroja.com.mx\/index.php?rest_route=\/wp\/v2\/types\/post"}],"author":[{"embeddable":true,"href":"https:\/\/zonaroja.com.mx\/index.php?rest_route=\/wp\/v2\/users\/2"}],"replies":[{"embeddable":true,"href":"https:\/\/zonaroja.com.mx\/index.php?rest_route=%2Fwp%2Fv2%2Fcomments&post=60524"}],"version-history":[{"count":1,"href":"https:\/\/zonaroja.com.mx\/index.php?rest_route=\/wp\/v2\/posts\/60524\/revisions"}],"predecessor-version":[{"id":60526,"href":"https:\/\/zonaroja.com.mx\/index.php?rest_route=\/wp\/v2\/posts\/60524\/revisions\/60526"}],"wp:featuredmedia":[{"embeddable":true,"href":"https:\/\/zonaroja.com.mx\/index.php?rest_route=\/wp\/v2\/media\/60525"}],"wp:attachment":[{"href":"https:\/\/zonaroja.com.mx\/index.php?rest_route=%2Fwp%2Fv2%2Fmedia&parent=60524"}],"wp:term":[{"taxonomy":"category","embeddable":true,"href":"https:\/\/zonaroja.com.mx\/index.php?rest_route=%2Fwp%2Fv2%2Fcategories&post=60524"},{"taxonomy":"post_tag","embeddable":true,"href":"https:\/\/zonaroja.com.mx\/index.php?rest_route=%2Fwp%2Fv2%2Ftags&post=60524"}],"curies":[{"name":"wp","href":"https:\/\/api.w.org\/{rel}","templated":true}]}}