{"id":60527,"date":"2023-10-03T09:30:00","date_gmt":"2023-10-03T14:30:00","guid":{"rendered":"http:\/\/www.zonaroja.com.mx\/?p=60527"},"modified":"2023-10-03T09:37:49","modified_gmt":"2023-10-03T14:37:49","slug":"vinculan-a-proceso-a-sujeto-que-habria-secuestrado-a-una-adolescente","status":"publish","type":"post","link":"https:\/\/zonaroja.com.mx\/?p=60527","title":{"rendered":"Vinculan a proceso a sujeto que habr\u00eda secuestrado a un adolescente"},"content":{"rendered":"\n<p>Redacci\u00f3n\/Zona Roja.&nbsp;<\/p>\n\n\n\n<p>Oaxaca de Ju\u00e1rez, Oax., a 3 de octubre de 2023.- La Fiscal\u00eda General del Estado de Oaxaca (FGEO) obtuvo auto de formal prisi\u00f3n en contra de una persona del sexo masculino identificada como E. G. S. M., por el delito de Secuestro Agravado, cometido en agravio de un menor de edad en la regi\u00f3n de los Valles Centrales.<\/p>\n\n\n\n<p>De acuerdo con el expediente penal del caso, los hechos ocurrieron el 16 de mayo de 2015, cuando la v\u00edctima (cuya identidad est\u00e1 reservada por ley debido a que es menor de edad) realizaba su trabajo en inmediaciones del paraje Lambityeco, perteneciente al municipio de Tlacolula de Matamoros.<\/p>\n\n\n\n<p>En dicho lugar fue interceptado y privado de la libertad; usando la fuerza se lo llevaron a bordo de su propio mototaxi, infligi\u00e9ndole lesiones f\u00edsicas.&nbsp; Posteriormente, lo subieron a un autom\u00f3vil, pero al llegar al cruce del camino de terracer\u00eda que conduce al paraje Yahuiche con la colonia Lomas de Santa Ana, uno de los probables captores identificado como E.G.S.M., fue detenido por elementos de la Polic\u00eda Municipal de Santa Ana del Valle.<\/p>\n\n\n\n<p>Derivado de esta acci\u00f3n policial, el presunto responsable qued\u00f3 a disposici\u00f3n del Ministerio P\u00fablico, que se encarg\u00f3 de realizar las investigaciones en torno al caso, obteniendo pruebas que present\u00f3 ante el Juez que atiende la causa, quien luego de evaluarlas y en reposici\u00f3n del proceso, dict\u00f3 auto de formal prisi\u00f3n en contra de E. G. S. M.<\/p>\n\n\n\n<p>La investigaci\u00f3n especializada en delitos de alto impacto, que realiza la Fiscal\u00eda de Oaxaca, se ci\u00f1e a protocolos legales que permiten obtener resultados concretos y tangibles a favor de las v\u00edctimas directas e indirectas.<\/p>\n","protected":false},"excerpt":{"rendered":"<p>Redacci\u00f3n\/Zona Roja.&nbsp; Oaxaca de Ju\u00e1rez, Oax., a 3 de octubre de 2023.- La Fiscal\u00eda General&hellip;<\/p>\n","protected":false},"author":2,"featured_media":52353,"comment_status":"closed","ping_status":"open","sticky":false,"template":"","format":"standard","meta":{"_lmt_disableupdate":"","_lmt_disable":"","_jetpack_memberships_contains_paid_content":false,"footnotes":""},"categories":[109,46],"tags":[],"class_list":["post-60527","post","type-post","status-publish","format-standard","has-post-thumbnail","hentry","category-minuto-a-minuto","category-zona-blanca"],"jetpack_featured_media_url":"https:\/\/zonaroja.com.mx\/wp-content\/uploads\/2023\/03\/Mujer-secuestro-secuestrada-plagio.jpeg","jetpack_sharing_enabled":true,"_links":{"self":[{"href":"https:\/\/zonaroja.com.mx\/index.php?rest_route=\/wp\/v2\/posts\/60527","targetHints":{"allow":["GET"]}}],"collection":[{"href":"https:\/\/zonaroja.com.mx\/index.php?rest_route=\/wp\/v2\/posts"}],"about":[{"href":"https:\/\/zonaroja.com.mx\/index.php?rest_route=\/wp\/v2\/types\/post"}],"author":[{"embeddable":true,"href":"https:\/\/zonaroja.com.mx\/index.php?rest_route=\/wp\/v2\/users\/2"}],"replies":[{"embeddable":true,"href":"https:\/\/zonaroja.com.mx\/index.php?rest_route=%2Fwp%2Fv2%2Fcomments&post=60527"}],"version-history":[{"count":2,"href":"https:\/\/zonaroja.com.mx\/index.php?rest_route=\/wp\/v2\/posts\/60527\/revisions"}],"predecessor-version":[{"id":60548,"href":"https:\/\/zonaroja.com.mx\/index.php?rest_route=\/wp\/v2\/posts\/60527\/revisions\/60548"}],"wp:featuredmedia":[{"embeddable":true,"href":"https:\/\/zonaroja.com.mx\/index.php?rest_route=\/wp\/v2\/media\/52353"}],"wp:attachment":[{"href":"https:\/\/zonaroja.com.mx\/index.php?rest_route=%2Fwp%2Fv2%2Fmedia&parent=60527"}],"wp:term":[{"taxonomy":"category","embeddable":true,"href":"https:\/\/zonaroja.com.mx\/index.php?rest_route=%2Fwp%2Fv2%2Fcategories&post=60527"},{"taxonomy":"post_tag","embeddable":true,"href":"https:\/\/zonaroja.com.mx\/index.php?rest_route=%2Fwp%2Fv2%2Ftags&post=60527"}],"curies":[{"name":"wp","href":"https:\/\/api.w.org\/{rel}","templated":true}]}}