{"id":60532,"date":"2023-10-03T11:26:00","date_gmt":"2023-10-03T16:26:00","guid":{"rendered":"http:\/\/www.zonaroja.com.mx\/?p=60532"},"modified":"2023-10-03T08:29:22","modified_gmt":"2023-10-03T13:29:22","slug":"angel-n-habria-asesinado-a-wendy-guadalupe-ya-lo-buscan","status":"publish","type":"post","link":"https:\/\/zonaroja.com.mx\/?p=60532","title":{"rendered":"\u00c1ngel de Jes\u00fas habr\u00eda asesinado a Wendy Guadalupe; ya lo buscan"},"content":{"rendered":"\n<p>Ismael Garc\u00eda M.\/Zona Roja. Foto: Cortes\u00eda.<\/p>\n\n\n\n<p>Oaxaca de Ju\u00e1rez, Oax., a 3 de octubre de 2023.- Un joven identificado como \u00c1ngel de Jes\u00fas M. ser\u00eda el asesino de la adolescente Wendy Guadalupe, ultimada con un picahielo la noche del s\u00e1bado en Santo Domingo Tehuantepec.<\/p>\n\n\n\n<p>Personal de la Vicefiscal\u00eda Regional del Istmo, dependiente de la Fiscal\u00eda General del Estado, busca al probable homicida, con base en declaraciones de testigos y familiares de la menor de 16 a\u00f1os de edad.<\/p>\n\n\n\n<p>Wendy Guadalupe G. H. hab\u00eda acudido a una fiesta de XV a\u00f1os al barrio Santa Mar\u00eda de Tehuantepec; se iba a retirar cuando se top\u00f3 con un grupo de j\u00f3venes que discut\u00edan.<\/p>\n\n\n\n<p>De repente, uno de ellos tom\u00f3 un picahielo y se lo clav\u00f3 a la adolescente, tras lo cual huy\u00f3, mientras que Wendy fue atendida por familiares y vecinos de la zona; pese a desesperados llamados, no lleg\u00f3 a tiempo ni la ambulancia ni los polic\u00edas municipales, por lo cual la tuvieron que trasladar por sus medios, en un mototaxi, a un hospital.<\/p>\n\n\n\n<p>Pero en el nosocomio certificaron que la adolescente ya hab\u00eda perdido la vida, a causa de las lesiones; era originaria del barrio de Santa Cruz Tagolaba, tambi\u00e9n de Tehuantepec.<\/p>\n\n\n\n<p>Ayer lunes, sus compa\u00f1eros de la Escuela Preparatoria n\u00famero 2, de la Universidad Aut\u00f3noma \u201cBenito Ju\u00e1rez\u201d de Oaxaca (UABJO) le rindieron un homenaje en el plantel.<\/p>\n\n\n\n<p>\u201cPedimos a las autoridades regionales, estatales de justicia, y tambi\u00e9n hacemos un llamado a nivel nacional para que este crimen sea castigado como debe ser.<\/p>\n\n\n\n<p>\u201cAs\u00ed tambi\u00e9n nos sumamos al dolor que acompa\u00f1a a la familia en este d\u00eda y en los d\u00edas subsecuentes; reciban nuestro apoyo, sientan en la comunidad de la Preparatoria 4 todo el apoyo que ustedes necesitan\u201d, fue uno de los mensajes emitidos ayer de la comunidad preparatoriana.<\/p>\n","protected":false},"excerpt":{"rendered":"<p>Ismael Garc\u00eda M.\/Zona Roja. Foto: Cortes\u00eda. Oaxaca de Ju\u00e1rez, Oax., a 3 de octubre de&hellip;<\/p>\n","protected":false},"author":2,"featured_media":60533,"comment_status":"closed","ping_status":"open","sticky":false,"template":"","format":"standard","meta":{"_lmt_disableupdate":"","_lmt_disable":"","_jetpack_memberships_contains_paid_content":false,"footnotes":""},"categories":[109,47],"tags":[],"class_list":["post-60532","post","type-post","status-publish","format-standard","has-post-thumbnail","hentry","category-minuto-a-minuto","category-zona-gris"],"jetpack_featured_media_url":"https:\/\/zonaroja.com.mx\/wp-content\/uploads\/2023\/10\/Wendy-Guadalupe-Tehuantepec-homenaje.jpg","jetpack_sharing_enabled":true,"_links":{"self":[{"href":"https:\/\/zonaroja.com.mx\/index.php?rest_route=\/wp\/v2\/posts\/60532","targetHints":{"allow":["GET"]}}],"collection":[{"href":"https:\/\/zonaroja.com.mx\/index.php?rest_route=\/wp\/v2\/posts"}],"about":[{"href":"https:\/\/zonaroja.com.mx\/index.php?rest_route=\/wp\/v2\/types\/post"}],"author":[{"embeddable":true,"href":"https:\/\/zonaroja.com.mx\/index.php?rest_route=\/wp\/v2\/users\/2"}],"replies":[{"embeddable":true,"href":"https:\/\/zonaroja.com.mx\/index.php?rest_route=%2Fwp%2Fv2%2Fcomments&post=60532"}],"version-history":[{"count":2,"href":"https:\/\/zonaroja.com.mx\/index.php?rest_route=\/wp\/v2\/posts\/60532\/revisions"}],"predecessor-version":[{"id":60535,"href":"https:\/\/zonaroja.com.mx\/index.php?rest_route=\/wp\/v2\/posts\/60532\/revisions\/60535"}],"wp:featuredmedia":[{"embeddable":true,"href":"https:\/\/zonaroja.com.mx\/index.php?rest_route=\/wp\/v2\/media\/60533"}],"wp:attachment":[{"href":"https:\/\/zonaroja.com.mx\/index.php?rest_route=%2Fwp%2Fv2%2Fmedia&parent=60532"}],"wp:term":[{"taxonomy":"category","embeddable":true,"href":"https:\/\/zonaroja.com.mx\/index.php?rest_route=%2Fwp%2Fv2%2Fcategories&post=60532"},{"taxonomy":"post_tag","embeddable":true,"href":"https:\/\/zonaroja.com.mx\/index.php?rest_route=%2Fwp%2Fv2%2Ftags&post=60532"}],"curies":[{"name":"wp","href":"https:\/\/api.w.org\/{rel}","templated":true}]}}