{"id":6054,"date":"2019-11-24T19:45:11","date_gmt":"2019-11-25T01:45:11","guid":{"rendered":"http:\/\/www.zonaroja.com.mx\/?p=6054"},"modified":"2019-11-24T19:45:13","modified_gmt":"2019-11-25T01:45:13","slug":"con-capacitacion-refuerza-ieepo-lucha-contra-violencia-hacia-mujeres","status":"publish","type":"post","link":"https:\/\/zonaroja.com.mx\/?p=6054","title":{"rendered":"Con capacitaci\u00f3n, refuerza IEEPO lucha contra violencia hacia mujeres"},"content":{"rendered":"\n<p>Redacci\u00f3n\/Zona Roja.<\/p>\n\n\n\n<p>Oaxaca de Ju\u00e1rez, Oax. 24 noviembre de\n2019.- En el marco del D\u00eda Internacional de la Eliminaci\u00f3n de la Violencia\ncontra las Mujeres, el Instituto Estatal de Educaci\u00f3n P\u00fablica de Oaxaca\n(IEEPO), inform\u00f3 que abate esta problem\u00e1tica a trav\u00e9s de actividades de\nsensibilizaci\u00f3n y capacitaci\u00f3n.<\/p>\n\n\n\n<p>En un comunicado, indic\u00f3 que un 60% de\nsu plantilla laboral son mujeres, por lo que busca deconstruir estereotipos y\nroles sociales que perpet\u00faan la desigualdad entre mujeres y hombres, adem\u00e1s de\nvisibilizar y desnaturalizar la discriminaci\u00f3n y la violencia de g\u00e9nero.<\/p>\n\n\n\n<p>\u201cEn esta labor, los planteles\neducativos tienen un papel fundamental ya que es uno de los espacios donde se\nrefuerzan, fomentan y mantienen los valores y pautas de comportamiento\nsocialmente aceptados\u201d, indic\u00f3.<\/p>\n\n\n\n<p>Dijo que por lo cual, se han\nfortalecido las acciones que permitan incorporar entre las y los estudiantes la\nperspectiva de g\u00e9nero e inculcar modelos de convivencia que contribuyan a la\nerradicaci\u00f3n de las actitudes ofensivas.<\/p>\n\n\n\n<p>La m\u00e1xima autoridad educativa en el\nestado refrend\u00f3 su compromiso de llevar a cabo campa\u00f1as y proyectos\ninterinstitucionales, que coadyuven en el respeto a la integridad f\u00edsica,\nemocional, psicol\u00f3gica, sexual, laboral y social de las mujeres.<\/p>\n\n\n\n<p>Al respecto, la Direcci\u00f3n para la\nMejora de la Convivencia Escolar del IEEPO inform\u00f3 que como lo ha instruido el\ndirector general, Francisco \u00c1ngel Villarreal en coordinaci\u00f3n con las distintas\n\u00e1reas, se realizan actividades permanentes que contribuyen a fortalecer una\ncultura de respeto, equidad y armon\u00eda entre hombres y mujeres,&nbsp; por lo que con motivo de esta fecha se\norganiz\u00f3 una jornada de sensibilizaci\u00f3n en el tema.<\/p>\n\n\n\n<p>De esta manera, personal de la Unidad\nde Educaci\u00f3n Inicial y Preescolar se capacit\u00f3 en un taller sobre \u201cNuevas\nMasculinidades\u201d, donde se abordaron los estereotipos de g\u00e9nero y la\nparticipaci\u00f3n que tienen en el desarrollo cultural y social de la poblaci\u00f3n,\nas\u00ed como el desarrollo de su actividad laboral con base a pr\u00e1cticas como el respeto\ny la tolerancia.<\/p>\n\n\n\n<p>La capacitaci\u00f3n tuvo por objetivo que\nlos varones tomen conciencia sobre la necesidad que existe de construir una\nmasculinidad firme pero equitativa, que permita un adecuado desarrollo de todos\nlos actores que componen la sociedad.<\/p>\n\n\n\n<p>Otras de las actividades programadas\nson una proyecci\u00f3n de cortometrajes y un cine-debate con miras a concientizar a\nlas y los trabajadores sobre la violencia de g\u00e9nero y estereotipos de g\u00e9nero\nque existen en la sociedad.<\/p>\n\n\n\n<p>Por otra parte, este a\u00f1o en coordinaci\u00f3n\ncon la Secretar\u00eda de las Mujeres de Oaxaca (SMO), se puso el marcha el programa\n\u201cPuedes ser lo que sue\u00f1es\u201d, dirigido a estudiantes adolescentes de primaria y\nsecundaria, en el cual mujeres sobresalientes de distintos \u00e1mbitos, brindan\npl\u00e1ticas sobre logros que han obtenido para motivar a los escolares.&nbsp; <\/p>\n\n\n\n<p>Adem\u00e1s, en el marco de la campa\u00f1a\nmundial del \u201cD\u00eda Naranja, \u00danete\u201d, que se realiza los&nbsp; d\u00edas 25 de cada mes, el IEEPO participa con\ndiferentes actividades de sensibilizaci\u00f3n entre servidoras y servidores\np\u00fablicos.<\/p>\n\n\n\n<p>As\u00ed, el Instituto se suma a la\nrecomendaci\u00f3n que realiza la ONU a todas las instituciones mundiales y en\nM\u00e9xico, a las instancias Federal, Estatal y municipales, para llevar a cabo\ncampa\u00f1as a favor del respeto a la integridad f\u00edsica, emocional, psicol\u00f3gica,\nsexual, laboral y social de las mujeres.<\/p>\n","protected":false},"excerpt":{"rendered":"<p>Redacci\u00f3n\/Zona Roja. Oaxaca de Ju\u00e1rez, Oax. 24 noviembre de 2019.- En el marco del D\u00eda&hellip;<\/p>\n","protected":false},"author":2,"featured_media":6055,"comment_status":"closed","ping_status":"open","sticky":false,"template":"","format":"standard","meta":{"_lmt_disableupdate":"","_lmt_disable":"","_jetpack_memberships_contains_paid_content":false,"footnotes":""},"categories":[109,46],"tags":[599],"class_list":["post-6054","post","type-post","status-publish","format-standard","has-post-thumbnail","hentry","category-minuto-a-minuto","category-zona-blanca","tag-instituto-estatal-de-educacion-publica-de-oaxaca"],"jetpack_featured_media_url":"https:\/\/zonaroja.com.mx\/wp-content\/uploads\/2019\/11\/05-IEEPO.jpg","jetpack_sharing_enabled":true,"_links":{"self":[{"href":"https:\/\/zonaroja.com.mx\/index.php?rest_route=\/wp\/v2\/posts\/6054","targetHints":{"allow":["GET"]}}],"collection":[{"href":"https:\/\/zonaroja.com.mx\/index.php?rest_route=\/wp\/v2\/posts"}],"about":[{"href":"https:\/\/zonaroja.com.mx\/index.php?rest_route=\/wp\/v2\/types\/post"}],"author":[{"embeddable":true,"href":"https:\/\/zonaroja.com.mx\/index.php?rest_route=\/wp\/v2\/users\/2"}],"replies":[{"embeddable":true,"href":"https:\/\/zonaroja.com.mx\/index.php?rest_route=%2Fwp%2Fv2%2Fcomments&post=6054"}],"version-history":[{"count":1,"href":"https:\/\/zonaroja.com.mx\/index.php?rest_route=\/wp\/v2\/posts\/6054\/revisions"}],"predecessor-version":[{"id":6056,"href":"https:\/\/zonaroja.com.mx\/index.php?rest_route=\/wp\/v2\/posts\/6054\/revisions\/6056"}],"wp:featuredmedia":[{"embeddable":true,"href":"https:\/\/zonaroja.com.mx\/index.php?rest_route=\/wp\/v2\/media\/6055"}],"wp:attachment":[{"href":"https:\/\/zonaroja.com.mx\/index.php?rest_route=%2Fwp%2Fv2%2Fmedia&parent=6054"}],"wp:term":[{"taxonomy":"category","embeddable":true,"href":"https:\/\/zonaroja.com.mx\/index.php?rest_route=%2Fwp%2Fv2%2Fcategories&post=6054"},{"taxonomy":"post_tag","embeddable":true,"href":"https:\/\/zonaroja.com.mx\/index.php?rest_route=%2Fwp%2Fv2%2Ftags&post=6054"}],"curies":[{"name":"wp","href":"https:\/\/api.w.org\/{rel}","templated":true}]}}