{"id":60552,"date":"2023-10-03T18:54:51","date_gmt":"2023-10-03T23:54:51","guid":{"rendered":"http:\/\/www.zonaroja.com.mx\/?p=60552"},"modified":"2023-10-03T18:54:55","modified_gmt":"2023-10-03T23:54:55","slug":"designan-a-encargados-de-secretarias-de-administracion-y-de-bienestar","status":"publish","type":"post","link":"https:\/\/zonaroja.com.mx\/?p=60552","title":{"rendered":"Designan a encargados de secretar\u00edas de Administraci\u00f3n y de Bienestar"},"content":{"rendered":"\n<p>Redacci\u00f3n\/Zona Roja.<\/p>\n\n\n\n<p>Oaxaca de Ju\u00e1rez, Oax. 3 de octubre de 2023.- Tras las renuncias de Laura Estrada Mauro y Antonino Morales Toledo, este martes fueron designados como encargados de despacho M\u00f3nica Bel\u00e9n L\u00f3pez Javier en la Secretar\u00eda de Bienestar y Noel Hern\u00e1ndez Rito en la Secretar\u00eda de Administraci\u00f3n.<\/p>\n\n\n\n<p>En un comunicado, se inform\u00f3 que el mandatario Salom\u00f3n Jara Cruz hizo las designaciones de conformidad con las atribuciones que le confiere el art\u00edculo 79 de la Constituci\u00f3n Pol\u00edtica del Estado Libre y Soberano de Oaxaca y para fortalecer los planes, programas y presupuestos del quehacer gubernamental y mantener el impulso en el trabajo en favor del bienestar de las familias oaxaque\u00f1as.<\/p>\n\n\n\n<p>Asimismo, les conmin\u00f3 a trabajar con toda su dedicaci\u00f3n y talento a favor del pueblo oaxaque\u00f1o y lograr las metas de desarrollo de la \u201cprimavera oaxaque\u00f1a\u201d, con un gobierno de territorio, abierto y de atenci\u00f3n directa a las autoridades y ciudadan\u00eda.<\/p>\n\n\n\n<p>Noel Hern\u00e1ndez Rito se desempe\u00f1\u00f3 como subsecretario de Patrimonio, Recursos Materiales y Servicios de la Secretar\u00eda de Administraci\u00f3n, dependencia que norma y gestiona el uso eficaz, eficiente y transparente de los recursos humanos, materiales y servicios de apoyo, que requieren las Dependencias y Entidades de la Administraci\u00f3n P\u00fablica Estatal para brindar servicios de calidad a la poblaci\u00f3n.<\/p>\n\n\n\n<p>En tanto, M\u00f3nica Bel\u00e9n L\u00f3pez Javier fungi\u00f3 como subsecretaria de Inclusi\u00f3n para el Bienestar de la Sebienti, instancia rectora de la pol\u00edtica social y las estrategias de bienestar orientadas a reducir las brechas de desigualdad hist\u00f3rica y la pobreza y pobreza extrema en Oaxaca.<\/p>\n","protected":false},"excerpt":{"rendered":"<p>Redacci\u00f3n\/Zona Roja. Oaxaca de Ju\u00e1rez, Oax. 3 de octubre de 2023.- Tras las renuncias de&hellip;<\/p>\n","protected":false},"author":2,"featured_media":60553,"comment_status":"closed","ping_status":"open","sticky":false,"template":"","format":"standard","meta":{"_lmt_disableupdate":"","_lmt_disable":"","_jetpack_memberships_contains_paid_content":false,"footnotes":""},"categories":[109,46],"tags":[939],"class_list":["post-60552","post","type-post","status-publish","format-standard","has-post-thumbnail","hentry","category-minuto-a-minuto","category-zona-blanca","tag-salomon-jara-cruz"],"jetpack_featured_media_url":"https:\/\/zonaroja.com.mx\/wp-content\/uploads\/2023\/10\/FOTO-RINDEN-PROTESTA-ENCAGARDOS-DE-DESPACHO.jpeg","jetpack_sharing_enabled":true,"_links":{"self":[{"href":"https:\/\/zonaroja.com.mx\/index.php?rest_route=\/wp\/v2\/posts\/60552","targetHints":{"allow":["GET"]}}],"collection":[{"href":"https:\/\/zonaroja.com.mx\/index.php?rest_route=\/wp\/v2\/posts"}],"about":[{"href":"https:\/\/zonaroja.com.mx\/index.php?rest_route=\/wp\/v2\/types\/post"}],"author":[{"embeddable":true,"href":"https:\/\/zonaroja.com.mx\/index.php?rest_route=\/wp\/v2\/users\/2"}],"replies":[{"embeddable":true,"href":"https:\/\/zonaroja.com.mx\/index.php?rest_route=%2Fwp%2Fv2%2Fcomments&post=60552"}],"version-history":[{"count":1,"href":"https:\/\/zonaroja.com.mx\/index.php?rest_route=\/wp\/v2\/posts\/60552\/revisions"}],"predecessor-version":[{"id":60554,"href":"https:\/\/zonaroja.com.mx\/index.php?rest_route=\/wp\/v2\/posts\/60552\/revisions\/60554"}],"wp:featuredmedia":[{"embeddable":true,"href":"https:\/\/zonaroja.com.mx\/index.php?rest_route=\/wp\/v2\/media\/60553"}],"wp:attachment":[{"href":"https:\/\/zonaroja.com.mx\/index.php?rest_route=%2Fwp%2Fv2%2Fmedia&parent=60552"}],"wp:term":[{"taxonomy":"category","embeddable":true,"href":"https:\/\/zonaroja.com.mx\/index.php?rest_route=%2Fwp%2Fv2%2Fcategories&post=60552"},{"taxonomy":"post_tag","embeddable":true,"href":"https:\/\/zonaroja.com.mx\/index.php?rest_route=%2Fwp%2Fv2%2Ftags&post=60552"}],"curies":[{"name":"wp","href":"https:\/\/api.w.org\/{rel}","templated":true}]}}