{"id":60558,"date":"2023-10-03T22:03:59","date_gmt":"2023-10-04T03:03:59","guid":{"rendered":"http:\/\/www.zonaroja.com.mx\/?p=60558"},"modified":"2023-10-03T22:04:02","modified_gmt":"2023-10-04T03:04:02","slug":"bloqueos-cotidianos-irritan-a-los-oaxaquenos-otro-dia-de-protestas","status":"publish","type":"post","link":"https:\/\/zonaroja.com.mx\/?p=60558","title":{"rendered":"Bloqueos cotidianos irritan a los oaxaque\u00f1os; otro d\u00eda de protestas"},"content":{"rendered":"\n<p>Ismael Garc\u00eda M.\/Zona Roja.<\/p>\n\n\n\n<p>Oaxaca de Ju\u00e1rez, Oax., a 3 de octubre de 2023.- \u201c\u00a1Destapen esa cuadra nada m\u00e1s para que podamos pasar! \u00a1Por la buena o por la mala, van a hacer eso o ya!<\/p>\n\n\n\n<p>\u201cSe les est\u00e1 hablando bien, se les est\u00e1 hablando como la gente, \u00bfeh? No alboroten a la gente. \u00a1Miren c\u00f3mo est\u00e1 el problema!\u201d. Y de inmediato los ciudadanos comenzaron a empujar un veh\u00edculo que bloqueaba la calle, hasta que lograron, sin el uso de la fuerza, el paso libre.<\/p>\n\n\n\n<p>Ocurri\u00f3 la tarde de hoy en Emiliano Zapata esquina con avenida Escuela Naval Militar, colonia Reforma de la ciudad de Oaxaca, donde la irritaci\u00f3n ciudadana explot\u00f3.<\/p>\n\n\n\n<p>En ese sitio, adem\u00e1s de otros puntos, estudiantes y ex trabajadores de la Universidad Tecnol\u00f3gica de los Valles Centrales de Oaxaca (UTVO) bloquearon por varias horas la vialidad. Hasta que lleg\u00f3 la irritaci\u00f3n popular.<\/p>\n\n\n\n<p>Los inconformes exigen la recontrataci\u00f3n de los despedidos y la renuncia de la rectora Tania L\u00f3pez L\u00f3pez, a casi un mes de que no hay clases en esa instituci\u00f3n ubicada en el municipio de San Pablo Huixtepec.<\/p>\n\n\n\n<p>Por la ma\u00f1ana, en un restaurante del centro de la capital, ofrecieron una conferencia de prensa, en que presentaron a los comit\u00e9s estudiantil y de padres de familia, adem\u00e1s de asegurar que el sindicato que crearon los docentes y administrativos ya tiene reconocimiento oficial.<\/p>\n\n\n\n<p>M\u00c1S PROTESTAS<\/p>\n\n\n\n<p>Pero no fue la \u00fanica movilizaci\u00f3n. Esta tarde, en calles del municipio de Santo Domingo Tehuantepec, estudiantes y maestros de la Escuela Preparatoria 4, as\u00ed como familiares y pobladores, marcharon para exigir justicia por el asesinato de Wendy Guadalupe.<\/p>\n\n\n\n<p>La adolescente de 16 a\u00f1os de edad fue asesinada la noche del s\u00e1bado despu\u00e9s de acudir a una fiesta de XV a\u00f1os; fue atacada con un picahielo por parte de un sujeto, presuntamente tras una ri\u00f1a entre un grupo de j\u00f3venes.<\/p>\n\n\n\n<p>Por otra parte, por tercer d\u00eda continu\u00f3 cerrado el acceso a la zona arqueol\u00f3gica de Monte Alb\u00e1n, por parte de trabajadores sindicalizados del Instituto Nacional de Antropolog\u00eda e Historia.<\/p>\n\n\n\n<p>Lo anterior para impedir por en\u00e9sima ocasi\u00f3n el ingreso de vendedores ambulantes, que exigen un espacio formal de venta; las autoridades federales no han informado si ha habido atenci\u00f3n a esa problem\u00e1tica.<\/p>\n\n\n\n<p>Frente al Palacio de Gobierno, en la capital, por segundo d\u00eda militantes del Frente Popular Revolucionario se manifestaron pac\u00edficamente, para exigir la liberaci\u00f3n de una persona, de nombre Aquilino Arista, detenido tras ser acusado de diversos delitos.<\/p>\n\n\n\n<p>En la sede del Partido Acci\u00f3n Nacional en Oaxaca, en el bulevar Manuel Ruiz de la capital, un grupo de j\u00f3venes protest\u00f3 para exigir a la dirigente estatal, Perla Woolrich, emita la convocatoria correspondiente para integrar el comit\u00e9 juvenil.<\/p>\n\n\n\n<p>Mientras que alrededor de las ocho de la ma\u00f1ana, de nueva cuenta pobladores de diversas colonias de la agencia de Pueblo Nuevo, Oaxaca de Ju\u00e1rez, se concentraron en el crucero vial de Trinidad de Viguera, con la intenci\u00f3n de bloquear, en la exigencia de agua potable.<\/p>\n\n\n\n<p>No obstante, despu\u00e9s del mediod\u00eda alcanzaron acuerdos con el Gobierno del Estado y por la tarde permitieron la apertura de pozos que ten\u00edan en su poder, para reanudar el suministro del vital l\u00edquido.<\/p>\n","protected":false},"excerpt":{"rendered":"<p>Ismael Garc\u00eda M.\/Zona Roja. Oaxaca de Ju\u00e1rez, Oax., a 3 de octubre de 2023.- \u201c\u00a1Destapen&hellip;<\/p>\n","protected":false},"author":2,"featured_media":60559,"comment_status":"closed","ping_status":"open","sticky":false,"template":"","format":"standard","meta":{"_lmt_disableupdate":"","_lmt_disable":"","_jetpack_memberships_contains_paid_content":false,"footnotes":""},"categories":[109,47],"tags":[2264],"class_list":["post-60558","post","type-post","status-publish","format-standard","has-post-thumbnail","hentry","category-minuto-a-minuto","category-zona-gris","tag-bloqueos-y-protestas-oaxaca"],"jetpack_featured_media_url":"https:\/\/zonaroja.com.mx\/wp-content\/uploads\/2023\/10\/Bloqueos-y-protestas-ciudad-de-Oaxaca.jpg","jetpack_sharing_enabled":true,"_links":{"self":[{"href":"https:\/\/zonaroja.com.mx\/index.php?rest_route=\/wp\/v2\/posts\/60558","targetHints":{"allow":["GET"]}}],"collection":[{"href":"https:\/\/zonaroja.com.mx\/index.php?rest_route=\/wp\/v2\/posts"}],"about":[{"href":"https:\/\/zonaroja.com.mx\/index.php?rest_route=\/wp\/v2\/types\/post"}],"author":[{"embeddable":true,"href":"https:\/\/zonaroja.com.mx\/index.php?rest_route=\/wp\/v2\/users\/2"}],"replies":[{"embeddable":true,"href":"https:\/\/zonaroja.com.mx\/index.php?rest_route=%2Fwp%2Fv2%2Fcomments&post=60558"}],"version-history":[{"count":1,"href":"https:\/\/zonaroja.com.mx\/index.php?rest_route=\/wp\/v2\/posts\/60558\/revisions"}],"predecessor-version":[{"id":60560,"href":"https:\/\/zonaroja.com.mx\/index.php?rest_route=\/wp\/v2\/posts\/60558\/revisions\/60560"}],"wp:featuredmedia":[{"embeddable":true,"href":"https:\/\/zonaroja.com.mx\/index.php?rest_route=\/wp\/v2\/media\/60559"}],"wp:attachment":[{"href":"https:\/\/zonaroja.com.mx\/index.php?rest_route=%2Fwp%2Fv2%2Fmedia&parent=60558"}],"wp:term":[{"taxonomy":"category","embeddable":true,"href":"https:\/\/zonaroja.com.mx\/index.php?rest_route=%2Fwp%2Fv2%2Fcategories&post=60558"},{"taxonomy":"post_tag","embeddable":true,"href":"https:\/\/zonaroja.com.mx\/index.php?rest_route=%2Fwp%2Fv2%2Ftags&post=60558"}],"curies":[{"name":"wp","href":"https:\/\/api.w.org\/{rel}","templated":true}]}}