{"id":60564,"date":"2023-10-03T23:05:04","date_gmt":"2023-10-04T04:05:04","guid":{"rendered":"http:\/\/www.zonaroja.com.mx\/?p=60564"},"modified":"2023-10-03T23:05:09","modified_gmt":"2023-10-04T04:05:09","slug":"localizan-a-individuo-maniatado-y-presuntamente-ejecutado-en-la-costa","status":"publish","type":"post","link":"https:\/\/zonaroja.com.mx\/?p=60564","title":{"rendered":"Localizan a individuo maniatado y presuntamente ejecutado, en la Costa"},"content":{"rendered":"\n<p>Redacci\u00f3n\/Zona Roja.<\/p>\n\n\n\n<p>Oaxaca de Ju\u00e1rez, Oax., a 3 de octubre de 2023.- El cuerpo sin vida de una persona del sexo masculino, maniatado, con huellas de tortura y presuntamente ejecutado a balazos, fue localizado hoy en la regi\u00f3n Costa de Oaxaca.<\/p>\n\n\n\n<p>Corporaciones policiacas fueron alertadas del hallazgo, a un costado de la carretera federal n\u00famero 200, a la altura del kil\u00f3metro 36, tramo Jamiltepec-Puerto Escondido.<\/p>\n\n\n\n<p>Hasta el momento la v\u00edctima no ha sido identificada y se calcula que tiene una edad aproximada de 36 a\u00f1os, originario De Santiago Jamiltepec.<\/p>\n\n\n\n<p>OTRO EN JAMILTEPEC<\/p>\n\n\n\n<p>En otro hecho, una persona del sexo masculino fue asesinada anoche en la localidad Paso de la Reyna, en el municipio de Santiago Jamiltepec, regi\u00f3n de la Costa.<\/p>\n\n\n\n<p>El caso ocurri\u00f3 cuando sujetos armados agredieron a balazos a dos individuos mientras se dedicaban a sus labores agr\u00edcolas. En el lugar falleci\u00f3 el se\u00f1or Paulino Y. Q., de 30 a\u00f1os de edad, mientras que Crist\u00f3bal Y. Q. fue trasladado grape a un hospital de Jamiltepec.<\/p>\n\n\n\n<p>Hasta el momento se desconoce qui\u00e9n o qui\u00e9nes los atacaron; la v\u00edctima era originaria de la comunidad de Pueblo Viejo, Ixtayutla.<\/p>\n\n\n\n<p>EN TUTUTEPEC<\/p>\n\n\n\n<p>En tanto que el pasado domingo, en jurisdicci\u00f3n del municipio de Villa de Tututepec, fue localizado un cuerpo sin vida, en bolsas de pl\u00e1stico.<\/p>\n\n\n\n<p>Se hall\u00f3 en la localidad de San Jos\u00e9 del Progreso y posteriormente fue identificado como Arturo S. A., de 40 a\u00f1os de edad, y presuntamente estaba relacionado con hechos delictivos.<\/p>\n\n\n\n<p>En todos los casos, la Vicefiscal\u00eda Regional de la Costa inici\u00f3 las respectivas carpetas de investigaci\u00f3n, para hallar a los responsables de los cr\u00edmenes.<\/p>\n","protected":false},"excerpt":{"rendered":"<p>Redacci\u00f3n\/Zona Roja. Oaxaca de Ju\u00e1rez, Oax., a 3 de octubre de 2023.- El cuerpo sin&hellip;<\/p>\n","protected":false},"author":2,"featured_media":60565,"comment_status":"closed","ping_status":"open","sticky":false,"template":"","format":"standard","meta":{"_lmt_disableupdate":"","_lmt_disable":"","_jetpack_memberships_contains_paid_content":false,"footnotes":""},"categories":[109,51],"tags":[797],"class_list":["post-60564","post","type-post","status-publish","format-standard","has-post-thumbnail","hentry","category-minuto-a-minuto","category-zona-roja","tag-santiago-jamiltepec"],"jetpack_featured_media_url":"https:\/\/zonaroja.com.mx\/wp-content\/uploads\/2023\/10\/Ejecutado-Jamiltepec.jpg","jetpack_sharing_enabled":true,"_links":{"self":[{"href":"https:\/\/zonaroja.com.mx\/index.php?rest_route=\/wp\/v2\/posts\/60564","targetHints":{"allow":["GET"]}}],"collection":[{"href":"https:\/\/zonaroja.com.mx\/index.php?rest_route=\/wp\/v2\/posts"}],"about":[{"href":"https:\/\/zonaroja.com.mx\/index.php?rest_route=\/wp\/v2\/types\/post"}],"author":[{"embeddable":true,"href":"https:\/\/zonaroja.com.mx\/index.php?rest_route=\/wp\/v2\/users\/2"}],"replies":[{"embeddable":true,"href":"https:\/\/zonaroja.com.mx\/index.php?rest_route=%2Fwp%2Fv2%2Fcomments&post=60564"}],"version-history":[{"count":1,"href":"https:\/\/zonaroja.com.mx\/index.php?rest_route=\/wp\/v2\/posts\/60564\/revisions"}],"predecessor-version":[{"id":60566,"href":"https:\/\/zonaroja.com.mx\/index.php?rest_route=\/wp\/v2\/posts\/60564\/revisions\/60566"}],"wp:featuredmedia":[{"embeddable":true,"href":"https:\/\/zonaroja.com.mx\/index.php?rest_route=\/wp\/v2\/media\/60565"}],"wp:attachment":[{"href":"https:\/\/zonaroja.com.mx\/index.php?rest_route=%2Fwp%2Fv2%2Fmedia&parent=60564"}],"wp:term":[{"taxonomy":"category","embeddable":true,"href":"https:\/\/zonaroja.com.mx\/index.php?rest_route=%2Fwp%2Fv2%2Fcategories&post=60564"},{"taxonomy":"post_tag","embeddable":true,"href":"https:\/\/zonaroja.com.mx\/index.php?rest_route=%2Fwp%2Fv2%2Ftags&post=60564"}],"curies":[{"name":"wp","href":"https:\/\/api.w.org\/{rel}","templated":true}]}}