{"id":60567,"date":"2023-10-04T07:45:57","date_gmt":"2023-10-04T12:45:57","guid":{"rendered":"http:\/\/www.zonaroja.com.mx\/?p=60567"},"modified":"2023-10-04T07:45:59","modified_gmt":"2023-10-04T12:45:59","slug":"rescatan-a-15-secuestrados-en-zacatecas-detienen-a-dos-en-chiapas-por-crimenes","status":"publish","type":"post","link":"https:\/\/zonaroja.com.mx\/?p=60567","title":{"rendered":"Rescatan a 15 secuestrados en Zacatecas; detienen a dos en Chiapas por cr\u00edmenes"},"content":{"rendered":"\n<p>Redacci\u00f3n\/Zona Roja Cdmx.<\/p>\n\n\n\n<p>Ciudad de M\u00e9xico, a 4 de octubre de 2023.- Quince personas que se encontraban secuestradas por presuntos integrantes del c\u00e1rtel Jalisco Nueva generaci\u00f3n fueron liberadas este martes por el Grupo Conjunto de Tarea que encabezan efectivos del Ej\u00e9rcito Mexicano, de la Guardia Nacional y de la Fuerza de Reacci\u00f3n Inmediata de Zacatecas, perteneciente a la Polic\u00eda Estatal Preventiva.<\/p>\n\n\n\n<p>El general Arturo Medina Mayoral, secretario de Seguridad P\u00fablica de Zacatecas, se\u00f1al\u00f3 ayer en conferencia de prensa que el rescate se realiz\u00f3 con apoyo de un helic\u00f3ptero y drones de la dependencia en la comunidad San Jos\u00e9 del Alamito, del municipio de Fresnillo.<\/p>\n\n\n\n<p>Indic\u00f3 que ah\u00ed se localiz\u00f3 un campamento utilizado por el citado grupo criminal. \u201cAl inspeccionar el \u00e1rea fueron localizadas y rescatadas las 15 personas, diez hombres originarios de Fresnillo de las siguientes edades: 51, 24, 25, 19, 36, 15, 50, 22, 26 y 19 a\u00f1os\u201d, expuso.<\/p>\n\n\n\n<p>Indic\u00f3 que asimismo se rescat\u00f3 a una mujer originaria del municipio zacatecano de Calera, de 21 a\u00f1os de edad, y a tres varones oriundos de ese mismo municipio, quienes tienen 16, 23 y 40 a\u00f1os de edad, respectivamente. Tambi\u00e9n se encontraba entre ellos un sujeto originario de Huimanguillo, Tabasco, de 24 a\u00f1os.<\/p>\n\n\n\n<p>Luego del rescate, dijo el funcionario, las v\u00edctimas fueron trasladadas para recibir atenci\u00f3n m\u00e9dica y la tarde de este martes ya se encontraban en sus domicilios.<\/p>\n\n\n\n<p>A\u00f1adi\u00f3 que tras este rescate, las fuerzas de seguridad recorrieron zonas aleda\u00f1as y en la comunidad de Palmitos fueron agredidos por civiles armados. Los militares y polic\u00edas abatieron a uno de los pistoleros y detuvieron a otro.<\/p>\n\n\n\n<p>Acot\u00f3 que en el sitio se decomisaron dos fusiles tipo AK-47, dos cargadores abastecidos, una fornitura abastecida con seis cargadores que conten\u00edan 30 cartuchos cada uno, adem\u00e1s de mochilas con aproximadamente mil 750 cartuchos de diferentes calibres y dos artefactos explosivos de fabricaci\u00f3n casera.<\/p>\n\n\n\n<p>EN CHIAPAS<\/p>\n\n\n\n<p>Mediante la coordinaci\u00f3n entre la Secretar\u00eda de Seguridad y Protecci\u00f3n Ciudadana (SSPC) y las fiscal\u00edas estatales de Tabasco y Chiapas se logr\u00f3 la aprehensi\u00f3n de tres presuntos involucrados en el asesinato de dos encuestadores de Morena en la \u00faltima entidad, as\u00ed como en el secuestro de otro \u2013todos originarios de Veracruz\u2013, inform\u00f3 la titular de la dependencia federal, Rosa Icela Rodr\u00edguez. Indic\u00f3 que se les asegur\u00f3 una camioneta, armas de fuego y objetos propiedad de las v\u00edctimas.<\/p>\n\n\n\n<p>Durante la conferencia presidencial de ayer, la funcionaria explic\u00f3 que se logr\u00f3 liberar a otros dos rescatistas que se encontraban retenidos en un hotel del municipio de Ju\u00e1rez, Chiapas.&nbsp;<\/p>\n\n\n\n<p>Destac\u00f3 que contin\u00faan las acciones para la localizaci\u00f3n del encuestador que fue plagiado el pasado fin de semana, para lo cual personal de la SSPC se encuentra en Chiapas para coordinarse con las autoridades locales.<\/p>\n\n\n\n<p>La fiscal\u00eda general de esa entidad dio a conocer que de acuerdo con la carpeta de investigaci\u00f3n, el pasado 30 de septiembre los hoy imputados habr\u00edan despojado de sus pertenencias a Adri\u00e1n N, Christian N, Jos\u00e9 N, Jezabel N, Sara N y Javier N, en una hospeder\u00eda ubicada en Ju\u00e1rez, demarcaci\u00f3n colindante con Tabasco.&nbsp;<\/p>\n\n\n\n<p>Adem\u00e1s, expuso, supuestamente privaron de la libertad a Christian Landa S\u00e1nchez, Jos\u00e9 Luis Jim\u00e9nez y Adri\u00e1n Cid P\u00e9rez. El domingo anterior se localiz\u00f3 sin vida a los dos primeros en Huimanguillo, Tabasco, mientras Adri\u00e1n est\u00e1 en calidad de desaparecido.<\/p>\n\n\n\n<p>(Con informaci\u00f3n de \u201cLa Jornada\u201d)<\/p>\n","protected":false},"excerpt":{"rendered":"<p>Redacci\u00f3n\/Zona Roja Cdmx. Ciudad de M\u00e9xico, a 4 de octubre de 2023.- Quince personas que&hellip;<\/p>\n","protected":false},"author":2,"featured_media":60568,"comment_status":"closed","ping_status":"open","sticky":false,"template":"","format":"standard","meta":{"_lmt_disableupdate":"","_lmt_disable":"","_jetpack_memberships_contains_paid_content":false,"footnotes":""},"categories":[109,47],"tags":[],"class_list":["post-60567","post","type-post","status-publish","format-standard","has-post-thumbnail","hentry","category-minuto-a-minuto","category-zona-gris"],"jetpack_featured_media_url":"https:\/\/zonaroja.com.mx\/wp-content\/uploads\/2023\/10\/Rescatados-secuestro-Zacatecas.jpeg","jetpack_sharing_enabled":true,"_links":{"self":[{"href":"https:\/\/zonaroja.com.mx\/index.php?rest_route=\/wp\/v2\/posts\/60567","targetHints":{"allow":["GET"]}}],"collection":[{"href":"https:\/\/zonaroja.com.mx\/index.php?rest_route=\/wp\/v2\/posts"}],"about":[{"href":"https:\/\/zonaroja.com.mx\/index.php?rest_route=\/wp\/v2\/types\/post"}],"author":[{"embeddable":true,"href":"https:\/\/zonaroja.com.mx\/index.php?rest_route=\/wp\/v2\/users\/2"}],"replies":[{"embeddable":true,"href":"https:\/\/zonaroja.com.mx\/index.php?rest_route=%2Fwp%2Fv2%2Fcomments&post=60567"}],"version-history":[{"count":1,"href":"https:\/\/zonaroja.com.mx\/index.php?rest_route=\/wp\/v2\/posts\/60567\/revisions"}],"predecessor-version":[{"id":60569,"href":"https:\/\/zonaroja.com.mx\/index.php?rest_route=\/wp\/v2\/posts\/60567\/revisions\/60569"}],"wp:featuredmedia":[{"embeddable":true,"href":"https:\/\/zonaroja.com.mx\/index.php?rest_route=\/wp\/v2\/media\/60568"}],"wp:attachment":[{"href":"https:\/\/zonaroja.com.mx\/index.php?rest_route=%2Fwp%2Fv2%2Fmedia&parent=60567"}],"wp:term":[{"taxonomy":"category","embeddable":true,"href":"https:\/\/zonaroja.com.mx\/index.php?rest_route=%2Fwp%2Fv2%2Fcategories&post=60567"},{"taxonomy":"post_tag","embeddable":true,"href":"https:\/\/zonaroja.com.mx\/index.php?rest_route=%2Fwp%2Fv2%2Ftags&post=60567"}],"curies":[{"name":"wp","href":"https:\/\/api.w.org\/{rel}","templated":true}]}}