{"id":6057,"date":"2019-11-25T07:20:39","date_gmt":"2019-11-25T13:20:39","guid":{"rendered":"http:\/\/www.zonaroja.com.mx\/?p=6057"},"modified":"2019-11-25T07:20:43","modified_gmt":"2019-11-25T13:20:43","slug":"ayotzinapa-no-fue-crimen-de-estado-dice-amlo-en-guerrero","status":"publish","type":"post","link":"https:\/\/zonaroja.com.mx\/?p=6057","title":{"rendered":"Ayotzinapa no fue crimen de Estado, dice AMLO en Guerrero"},"content":{"rendered":"\n<p>Redacci\u00f3n\/Zona Roja Cdmx.<\/p>\n\n\n\n<p>Ciudad de M\u00e9xico, 25 de noviembre de\n2019.- De gira de trabajo por el estado de Guerrero, el Presidente de M\u00e9xico, Andr\u00e9s\nManuel L\u00f3pez Obrador, asegur\u00f3 que en la desaparici\u00f3n de los 43 normalistas de\nAyotzinapa, como en el asesinato del defensor de derechos humanos Arnulfo\nCer\u00f3n, \u201cno se puede hablar de cr\u00edmenes de Estado\u201d, porque no va a permitir\nninguna injusticia. <\/p>\n\n\n\n<p>En el municipio de Tlapa de Comonfort, con\nrespecto a la desaparici\u00f3n de los normalistas, exhort\u00f3 tambi\u00e9n a quien haya\nparticipado en hechos delictivos entregar la informaci\u00f3n con la que cuenten ya\nque \u201csi ellos quieren ayudar a que se sepan las cosas, el gobierno los va a\nproteger. Lo que necesitamos es conocer la verdad\u201d. <\/p>\n\n\n\n<p>Se\u00f1al\u00f3 que impunidad significa proteger\na los delincuentes. \u201cYa no hay impunidad en el pa\u00eds. El que resulte\nresponsable, sea quien sea, va a ser castigado. Eso que quede claro. Y lo\nmismo, no hemos dejado de buscar a los j\u00f3venes de Ayotzinapa, porque tengo el\ncompromiso de conocer y dar a conocer toda la verdad sobre la desaparici\u00f3n de\nlos j\u00f3venes y no vamos a escatimar recursos. Todo el gobierno tiene ese\ncompromiso de encontrar a los j\u00f3venes de Ayotzinapa\u201d, sostuvo. <\/p>\n\n\n\n<p>El Presidente se\u00f1al\u00f3 que cuando no se\ntrata de cr\u00edmenes de Estado, siempre se llega a la verdad si hay voluntad\npol\u00edtica de la autoridad; mientras que cuando s\u00ed son, entonces es muy dif\u00edcil. <\/p>\n\n\n\n<p>\u201cPero en el caso de Arnulfo, en el caso\nde los j\u00f3venes de Ayotzinapa y muchos otros casos no se puede hablar de\ncr\u00edmenes de Estado, porque ahora el representante del Estado mexicano,\ncomandante supremo de las fuerzas armadas, el Presidente de la Rep\u00fablica, el\nque les habla no va a permitir ninguna injusticia, no va a permitir ning\u00fan acto\nautoritario\u201d, manifest\u00f3. <\/p>\n\n\n\n<p>Informo que en el caso de Cer\u00f3n ya hay\ndetenidos. Precis\u00f3 que faltan los autores materiales y envi\u00f3 sus condolencias a\nla esposa del defensor de derechos humanos. <\/p>\n\n\n\n<p>(Con informaci\u00f3n de \u201cMilenio\u201d)<\/p>\n","protected":false},"excerpt":{"rendered":"<p>Redacci\u00f3n\/Zona Roja Cdmx. Ciudad de M\u00e9xico, 25 de noviembre de 2019.- De gira de trabajo&hellip;<\/p>\n","protected":false},"author":2,"featured_media":6058,"comment_status":"closed","ping_status":"open","sticky":false,"template":"","format":"standard","meta":{"_lmt_disableupdate":"","_lmt_disable":"","_jetpack_memberships_contains_paid_content":false,"footnotes":""},"categories":[109,47],"tags":[143,715],"class_list":["post-6057","post","type-post","status-publish","format-standard","has-post-thumbnail","hentry","category-minuto-a-minuto","category-zona-gris","tag-andres-manuel-lopez-obrador","tag-normalistas-ayotzinapa"],"jetpack_featured_media_url":"https:\/\/zonaroja.com.mx\/wp-content\/uploads\/2019\/11\/Ayotzinapa.jpg","jetpack_sharing_enabled":true,"_links":{"self":[{"href":"https:\/\/zonaroja.com.mx\/index.php?rest_route=\/wp\/v2\/posts\/6057","targetHints":{"allow":["GET"]}}],"collection":[{"href":"https:\/\/zonaroja.com.mx\/index.php?rest_route=\/wp\/v2\/posts"}],"about":[{"href":"https:\/\/zonaroja.com.mx\/index.php?rest_route=\/wp\/v2\/types\/post"}],"author":[{"embeddable":true,"href":"https:\/\/zonaroja.com.mx\/index.php?rest_route=\/wp\/v2\/users\/2"}],"replies":[{"embeddable":true,"href":"https:\/\/zonaroja.com.mx\/index.php?rest_route=%2Fwp%2Fv2%2Fcomments&post=6057"}],"version-history":[{"count":1,"href":"https:\/\/zonaroja.com.mx\/index.php?rest_route=\/wp\/v2\/posts\/6057\/revisions"}],"predecessor-version":[{"id":6059,"href":"https:\/\/zonaroja.com.mx\/index.php?rest_route=\/wp\/v2\/posts\/6057\/revisions\/6059"}],"wp:featuredmedia":[{"embeddable":true,"href":"https:\/\/zonaroja.com.mx\/index.php?rest_route=\/wp\/v2\/media\/6058"}],"wp:attachment":[{"href":"https:\/\/zonaroja.com.mx\/index.php?rest_route=%2Fwp%2Fv2%2Fmedia&parent=6057"}],"wp:term":[{"taxonomy":"category","embeddable":true,"href":"https:\/\/zonaroja.com.mx\/index.php?rest_route=%2Fwp%2Fv2%2Fcategories&post=6057"},{"taxonomy":"post_tag","embeddable":true,"href":"https:\/\/zonaroja.com.mx\/index.php?rest_route=%2Fwp%2Fv2%2Ftags&post=6057"}],"curies":[{"name":"wp","href":"https:\/\/api.w.org\/{rel}","templated":true}]}}