{"id":60573,"date":"2023-10-04T10:30:00","date_gmt":"2023-10-04T15:30:00","guid":{"rendered":"http:\/\/www.zonaroja.com.mx\/?p=60573"},"modified":"2023-10-04T10:37:16","modified_gmt":"2023-10-04T15:37:16","slug":"los-jovenes-protagonistas-de-la-transformacion-asegura-nino-morales","status":"publish","type":"post","link":"https:\/\/zonaroja.com.mx\/?p=60573","title":{"rendered":"Los j\u00f3venes, protagonistas de la transformaci\u00f3n, asegura Nino Morales"},"content":{"rendered":"\n<p>Redacci\u00f3n\/Zona Roja.<\/p>\n\n\n\n<p>Oaxaca de Ju\u00e1rez, Oax., a 4 de octubre de 2022.- El dinamismo de la juventud es la fuerza de la transformaci\u00f3n, expres\u00f3 el referente estatal de la 4T Antonino Morales Toledo, ante Juventudes Unidas por la Defensa de la Transformaci\u00f3n, en donde fue testigo del Acuerdo de Unidad para la Transformaci\u00f3n Oaxaca, que tiene como prop\u00f3sito proteger y continuar el proyecto alternativo y pac\u00edfico de naci\u00f3n.<\/p>\n\n\n\n<p>Acompa\u00f1ado del dirigente estatal de morena Benjamin Viveros,&nbsp;de la secretaria de Pueblos Originarios del Partido Morena, Bxido Xishe Jara Bola\u00f1os, Laura Estrada y j\u00f3venes referentes de la entidad, Nino Morales, habl\u00f3 sobre la revoluci\u00f3n de las conciencias en donde las nuevas generaciones deben ser protagonistas para que la defensa de la transformaci\u00f3n siga siendo una realidad.<\/p>\n\n\n\n<p>En ese sentido, tambi\u00e9n resalt\u00f3 que en la frescura del relevo generacional, est\u00e1 la confianza para transformar M\u00e9xico con compromiso, con convicci\u00f3n, con fuerza, \u00aby con muchas ganas para consolidar la lucha que tiene como principio ser humanista y transformador\u00bb.<\/p>\n\n\n\n<p>Antonino Morales, se\u00f1al\u00f3 que las juventudes son los actores con conciencia pura y fresca y siempre con ganas de consolidar con rebeld\u00eda la Cuarta Transformaci\u00f3n en todos los rincones del pa\u00eds.<\/p>\n\n\n\n<p>El ex secretario de Administraci\u00f3n del Gobierno del Estado tuvo ayer diversas actividades, entre ellas acudi\u00f3 a un encuentro con militantes a la Villa de Zaachila, as\u00ed como al ejido Guadalupe Victoria de la ciudad de Oaxaca y a Santa Cruz Xoxocotl\u00e1n, donde fue invitado a una asamblea informativa.<\/p>\n","protected":false},"excerpt":{"rendered":"<p>Redacci\u00f3n\/Zona Roja. Oaxaca de Ju\u00e1rez, Oax., a 4 de octubre de 2022.- El dinamismo de&hellip;<\/p>\n","protected":false},"author":2,"featured_media":60574,"comment_status":"closed","ping_status":"open","sticky":false,"template":"","format":"standard","meta":{"_lmt_disableupdate":"","_lmt_disable":"","_jetpack_memberships_contains_paid_content":false,"footnotes":""},"categories":[109,46],"tags":[180],"class_list":["post-60573","post","type-post","status-publish","format-standard","has-post-thumbnail","hentry","category-minuto-a-minuto","category-zona-blanca","tag-antonino-morales-toledo"],"jetpack_featured_media_url":"https:\/\/zonaroja.com.mx\/wp-content\/uploads\/2023\/10\/Antonino-Morales-y-jovenes-Oaxaca.jpg","jetpack_sharing_enabled":true,"_links":{"self":[{"href":"https:\/\/zonaroja.com.mx\/index.php?rest_route=\/wp\/v2\/posts\/60573","targetHints":{"allow":["GET"]}}],"collection":[{"href":"https:\/\/zonaroja.com.mx\/index.php?rest_route=\/wp\/v2\/posts"}],"about":[{"href":"https:\/\/zonaroja.com.mx\/index.php?rest_route=\/wp\/v2\/types\/post"}],"author":[{"embeddable":true,"href":"https:\/\/zonaroja.com.mx\/index.php?rest_route=\/wp\/v2\/users\/2"}],"replies":[{"embeddable":true,"href":"https:\/\/zonaroja.com.mx\/index.php?rest_route=%2Fwp%2Fv2%2Fcomments&post=60573"}],"version-history":[{"count":1,"href":"https:\/\/zonaroja.com.mx\/index.php?rest_route=\/wp\/v2\/posts\/60573\/revisions"}],"predecessor-version":[{"id":60575,"href":"https:\/\/zonaroja.com.mx\/index.php?rest_route=\/wp\/v2\/posts\/60573\/revisions\/60575"}],"wp:featuredmedia":[{"embeddable":true,"href":"https:\/\/zonaroja.com.mx\/index.php?rest_route=\/wp\/v2\/media\/60574"}],"wp:attachment":[{"href":"https:\/\/zonaroja.com.mx\/index.php?rest_route=%2Fwp%2Fv2%2Fmedia&parent=60573"}],"wp:term":[{"taxonomy":"category","embeddable":true,"href":"https:\/\/zonaroja.com.mx\/index.php?rest_route=%2Fwp%2Fv2%2Fcategories&post=60573"},{"taxonomy":"post_tag","embeddable":true,"href":"https:\/\/zonaroja.com.mx\/index.php?rest_route=%2Fwp%2Fv2%2Ftags&post=60573"}],"curies":[{"name":"wp","href":"https:\/\/api.w.org\/{rel}","templated":true}]}}