{"id":60581,"date":"2023-10-04T10:51:00","date_gmt":"2023-10-04T15:51:00","guid":{"rendered":"http:\/\/www.zonaroja.com.mx\/?p=60581"},"modified":"2023-10-04T11:58:34","modified_gmt":"2023-10-04T16:58:34","slug":"tres-anos-y-medio-despues-logran-acuerdo-gobierno-y-notimex","status":"publish","type":"post","link":"https:\/\/zonaroja.com.mx\/?p=60581","title":{"rendered":"Tres a\u00f1os y medio despu\u00e9s, logran acuerdo gobierno y Notimex"},"content":{"rendered":"\n<p>Redacci\u00f3n\/Zona Roja Cdmx.<\/p>\n\n\n\n<p>Ciudad de M\u00e9xico, a 4 de octubre de 2023.- La Secretar\u00eda del Trabajo confirm\u00f3 que este martes se firm\u00f3 un acuerdo entre el gobierno mexicano y el Sindicato de Notimex, que deriva de la decisi\u00f3n de&nbsp;extinguir la agencia de noticias.<\/p>\n\n\n\n<p>En este acuerdo, el gobierno federal&nbsp;garantiz\u00f3 que se entregar\u00e1n en tiempo y forma las indemnizaciones correspondientes a los trabajadores..<\/p>\n\n\n\n<p>En tanto, la secretaria de Gobernaci\u00f3n, Luisa Mar\u00eda Alcalde, celebr\u00f3 el acuerdo y asegur\u00f3 que est\u00e1n comprometidos con la protecci\u00f3n a los derechos de los trabajadores.<\/p>\n\n\n\n<p>\u201cAunque el acuerdo tom\u00f3 tiempo, se pone de manifiesto que el di\u00e1logo es la mejor forma de solucionar cualquier conflicto o adversidad\u201d, se\u00f1al\u00f3.<\/p>\n\n\n\n<p>Estos son los cuatro puntos que incluy\u00f3 el acuerdo firmado destacan:<\/p>\n\n\n\n<p>&#8211; Derivado de la decisi\u00f3n del gobierno mexicano de extinguir Notimex, las partes ratifican su compromiso con el respeto irrestricto y la defensa de los derechos laborales de todas y todos los trabajadores.<\/p>\n\n\n\n<p>&#8211; El di\u00e1logo permanente entre las partes ha permitido atender de forma integral las preocupaciones de las y los trabajadores, a trav\u00e9s de la conciliaci\u00f3n y mediaci\u00f3n pac\u00edfica, hasta concluir un proceso que garantice las demandas, los derechos laborales y sindicales de los involucrados.<\/p>\n\n\n\n<p>&#8211; En cualquier escenario, el pago de prerrogativas y las indemnizaciones que correspondan para las y los trabajadores se realizar\u00e1n de conformidad con la Ley Federal de Trabajo y el Contrato Colectivo de Trabajo.<\/p>\n\n\n\n<p>&#8211; La Segob y la STPS impulsar\u00e1n las acciones que sean necesarias ante las autoridades correspondientes, a fin de concretar la aprobaci\u00f3n de la iniciativa de decreto por la cual se llevar\u00eda a cabo la extinci\u00f3n de Notimex, garantizando en tiempo y forma las condiciones correctas de indemnizaci\u00f3n de las y los trabajadores; as\u00ed como el destino que tendr\u00e1n los bienes, derechos y obligaciones de Notimex.<\/p>\n\n\n\n<p>(Informaci\u00f3n de L\u00f3pez-D\u00f3riga Digital)<\/p>\n","protected":false},"excerpt":{"rendered":"<p>Redacci\u00f3n\/Zona Roja Cdmx. Ciudad de M\u00e9xico, a 4 de octubre de 2023.- La Secretar\u00eda del&hellip;<\/p>\n","protected":false},"author":2,"featured_media":60582,"comment_status":"closed","ping_status":"open","sticky":false,"template":"","format":"standard","meta":{"_lmt_disableupdate":"","_lmt_disable":"","_jetpack_memberships_contains_paid_content":false,"footnotes":""},"categories":[109,46],"tags":[1684],"class_list":["post-60581","post","type-post","status-publish","format-standard","has-post-thumbnail","hentry","category-minuto-a-minuto","category-zona-blanca","tag-agencia-notimex"],"jetpack_featured_media_url":"https:\/\/zonaroja.com.mx\/wp-content\/uploads\/2023\/10\/Convenio-huelga-Notimex.jpeg","jetpack_sharing_enabled":true,"_links":{"self":[{"href":"https:\/\/zonaroja.com.mx\/index.php?rest_route=\/wp\/v2\/posts\/60581","targetHints":{"allow":["GET"]}}],"collection":[{"href":"https:\/\/zonaroja.com.mx\/index.php?rest_route=\/wp\/v2\/posts"}],"about":[{"href":"https:\/\/zonaroja.com.mx\/index.php?rest_route=\/wp\/v2\/types\/post"}],"author":[{"embeddable":true,"href":"https:\/\/zonaroja.com.mx\/index.php?rest_route=\/wp\/v2\/users\/2"}],"replies":[{"embeddable":true,"href":"https:\/\/zonaroja.com.mx\/index.php?rest_route=%2Fwp%2Fv2%2Fcomments&post=60581"}],"version-history":[{"count":1,"href":"https:\/\/zonaroja.com.mx\/index.php?rest_route=\/wp\/v2\/posts\/60581\/revisions"}],"predecessor-version":[{"id":60583,"href":"https:\/\/zonaroja.com.mx\/index.php?rest_route=\/wp\/v2\/posts\/60581\/revisions\/60583"}],"wp:featuredmedia":[{"embeddable":true,"href":"https:\/\/zonaroja.com.mx\/index.php?rest_route=\/wp\/v2\/media\/60582"}],"wp:attachment":[{"href":"https:\/\/zonaroja.com.mx\/index.php?rest_route=%2Fwp%2Fv2%2Fmedia&parent=60581"}],"wp:term":[{"taxonomy":"category","embeddable":true,"href":"https:\/\/zonaroja.com.mx\/index.php?rest_route=%2Fwp%2Fv2%2Fcategories&post=60581"},{"taxonomy":"post_tag","embeddable":true,"href":"https:\/\/zonaroja.com.mx\/index.php?rest_route=%2Fwp%2Fv2%2Ftags&post=60581"}],"curies":[{"name":"wp","href":"https:\/\/api.w.org\/{rel}","templated":true}]}}