{"id":60586,"date":"2023-10-04T15:30:00","date_gmt":"2023-10-04T20:30:00","guid":{"rendered":"http:\/\/www.zonaroja.com.mx\/?p=60586"},"modified":"2023-10-04T09:14:20","modified_gmt":"2023-10-04T14:14:20","slug":"inedito-destituyen-a-presidente-de-la-camara-baja-de-estados-unidos","status":"publish","type":"post","link":"https:\/\/zonaroja.com.mx\/?p=60586","title":{"rendered":"In\u00e9dito: destituyen a presidente de la C\u00e1mara baja de Estados Unidos"},"content":{"rendered":"\n<p>Redacci\u00f3n\/Zona Roja Cdmx.<\/p>\n\n\n\n<p>Ciudad de M\u00e9xico, a 4 de octubre de 2023.- El republicano Kevin McCarthy fue destituido ayer como presidente de la C\u00e1mara de Representantes, la primera vez en la historia de Estados Unidos que ocurre una remoci\u00f3n de esta naturaleza.<\/p>\n\n\n\n<p>Por primera vez en 234 a\u00f1os de historia, la c\u00e1mara baja resolvi\u00f3 \u201cdejar vacante el cargo de presidente\u201d con 216 votos a favor por 210 en contra, y prepar\u00f3 as\u00ed el terreno para una in\u00e9dita contienda por el relevo de McCarthy, a un a\u00f1o de los comicios.<\/p>\n\n\n\n<p>El l\u00edder de la c\u00e1mara baja ocupa el tercer cargo m\u00e1s poderoso de Estado Unidos, al ser el segundo en la l\u00ednea de sucesi\u00f3n del presidente, despu\u00e9s de quien ocupa la vicepresidencia.<\/p>\n\n\n\n<p>El 55 presidente de la C\u00e1mara de Representantes fue removido del cargo en una votaci\u00f3n provocada por rebeldes de extrema derecha de su propio grupo legislativo, en medio de luchas dentro del Partido Republicano ante las elecciones presidenciales de 2024.<\/p>\n\n\n\n<p>El representante Patrick McHenry, de Carolina del Norte, fue nombrado presidente pro tempore, hasta que se realice una votaci\u00f3n para elegir nuevo dirigente. En uno de sus primeros actos, McHenry orden\u00f3 a la ex l\u00edder Nancy Pelosi que abandone de inmediato su oficina escondida en el Capitolio, seg\u00fan un correo electr\u00f3nico enviado a su oficina visto por el portal Politico.<\/p>\n\n\n\n<p>McCarthy, quien desisti\u00f3 de postularse nuevamente, desat\u00f3 la furia en el ala ultraconservadora republicana cuando el s\u00e1bado pasado aprob\u00f3 una medida bipartidista de financiaci\u00f3n provisional respaldada por la Casa Blanca que evit\u00f3 el cierre del gobierno.<\/p>\n\n\n\n<p>El ala derecha del Partido Republicano se opone con vehemencia a liberar fondos adicionales para Kiev, con el argumento de que el dinero deber\u00eda destinarse mejor a atajar la crisis migratoria en la frontera entre Estados Unidos y M\u00e9xico.<\/p>\n\n\n\n<p>Como muchos congresistas, McCarthy hab\u00eda reprendido a Trump tras el intento del golpe de Estado con el asalto al capitolio en enero de 2021, y luego percibi\u00f3 que los vientos cambiaban, por lo que r\u00e1pidamente dio marcha atr\u00e1s, y viaj\u00f3 a Florida para hacer las paces con Trump asegur\u00e1ndose as\u00ed un apoyo crucial para sus ambiciones como presidente de la c\u00e1mara baja.<\/p>\n\n\n\n<p>L\u00cdNEA DURA<\/p>\n\n\n\n<p>Cuando McCarthy, de 58 a\u00f1os, consigui\u00f3 lo que quer\u00eda, se enfrent\u00f3 a una realidad inc\u00f3moda: su control del poder qued\u00f3 a merced de los partidarios de la l\u00ednea dura de su partido.<\/p>\n\n\n\n<p>En mayo sostuvo un tenso pulso con el presidente dem\u00f3crata Joe Biden sobre la ampliaci\u00f3n del l\u00edmite de la deuda nacional.<\/p>\n\n\n\n<p>Logr\u00f3 un acuerdo de \u00faltima hora para evitar un catastr\u00f3fico impago de la deuda estadunidense, y aunque lo consider\u00f3 una victoria de los conservadores, debi\u00f3 enfrentar a partidarios de la l\u00ednea dura republicana que le reprocharon haber hecho demasiadas concesiones en materia de gasto p\u00fablico.<\/p>\n\n\n\n<p>El limitado compromiso de McCarthy con los dem\u00f3cratas volvi\u00f3 a ser objeto de la ira de la extrema derecha la semana pasada, cuando utiliz\u00f3 los votos del partido rival para evitar el cierre del gobierno.<\/p>\n\n\n\n<p>La medida enfureci\u00f3 a republicanos \u2013incluido Trump\u2013, que abogaban por forzar recortes masivos del gasto y reducir la carga de la deuda del pa\u00eds, que supera 31 billones de d\u00f3lares.<\/p>\n\n\n\n<p>A la cabeza de las cr\u00edticas qued\u00f3 el congresista Matt Gaetz, viejo antagonista de McCarthy, quien el lunes present\u00f3 la moci\u00f3n para \u201cdejar vacante la presidencia\u201d.<\/p>\n\n\n\n<p>Los republicanos fueron advertidos por su c\u00fapula del peligro de sumir al partido \u201cen el caos\u201d, pero Gaetz, quien se ha quejado repetidamente de que McCarthy no respeta los acuerdos alcanzados con los conservadores, replic\u00f3: \u201cel caos es el presidente McCarthy\u201d.<\/p>\n\n\n\n<p>\u201cLa raz\u00f3n por la cual Kevin McCarthy ha ca\u00eddo hoy es porque nadie conf\u00eda en \u00e9l\u201d, a\u00f1adi\u00f3 tras la votaci\u00f3n. \u201cKevin McCarthy ha hecho m\u00faltiples promesas contradictorias, y cuando todas se cumplieron, perdi\u00f3\u201d.<\/p>\n\n\n\n<p>Los dem\u00f3cratas tampoco quer\u00edan a McCarthy, al destacar su decisi\u00f3n de incumplir un acuerdo con Biden sobre los l\u00edmites de gasto acordados a principios de este a\u00f1o en las conversaciones de alto riesgo sobre el presupuesto federal.<\/p>\n\n\n\n<p>Biden emiti\u00f3 un comunicado tras la destituci\u00f3n de McCarthy, en el cual inst\u00f3 a los legisladores a elegir a la brevedad a un sustituto, al argumentar que los urgentes retos a los que se enfrenta el pa\u00eds \u201cno esperar\u00e1n\u201d.<\/p>\n\n\n\n<p>Trump no podr\u00e1 comentar sobre personal judicial<\/p>\n\n\n\n<p>Un juez en Nueva York prohibi\u00f3 ayer a Donald Trump lanzar ataques verbales contra el personal judicial, luego de que el ex presidente hizo comentarios despectivos contra una asistente del magistrado en el proceso que enfrenta por fraude financiero.<\/p>\n\n\n\n<p>El magnate critic\u00f3 en redes sociales a Allison Greenfield, principal asistente legal, al publicar una foto de ella con el l\u00edder de la mayor\u00eda en el Senado, el dem\u00f3crata Chuck Schumer, en un acto p\u00fablico, y llamarla la \u201cnovia de Schumer\u201d y se\u00f1alar que el caso en su contra debe ser desestimado.<\/p>\n\n\n\n<p>En otro orden, Hunter Biden, hijo del presidente Biden, se declar\u00f3 no culpable de posesi\u00f3n ilegal de un arma, al comparecer ante un tribunal federal de Delaware. Hunter enfrenta a tres cargos por la compra de un rev\u00f3lver Colt Cobra calibre 38 en 2018.<\/p>\n\n\n\n<p>(Informaci\u00f3n de \u201cLa Jornada\u201d)<\/p>\n","protected":false},"excerpt":{"rendered":"<p>Redacci\u00f3n\/Zona Roja Cdmx. Ciudad de M\u00e9xico, a 4 de octubre de 2023.- El republicano Kevin&hellip;<\/p>\n","protected":false},"author":2,"featured_media":60587,"comment_status":"closed","ping_status":"open","sticky":false,"template":"","format":"standard","meta":{"_lmt_disableupdate":"","_lmt_disable":"","_jetpack_memberships_contains_paid_content":false,"footnotes":""},"categories":[109,47],"tags":[],"class_list":["post-60586","post","type-post","status-publish","format-standard","has-post-thumbnail","hentry","category-minuto-a-minuto","category-zona-gris"],"jetpack_featured_media_url":"https:\/\/zonaroja.com.mx\/wp-content\/uploads\/2023\/10\/Kevin-McCarthy-presidente-camara-EU.png","jetpack_sharing_enabled":true,"_links":{"self":[{"href":"https:\/\/zonaroja.com.mx\/index.php?rest_route=\/wp\/v2\/posts\/60586","targetHints":{"allow":["GET"]}}],"collection":[{"href":"https:\/\/zonaroja.com.mx\/index.php?rest_route=\/wp\/v2\/posts"}],"about":[{"href":"https:\/\/zonaroja.com.mx\/index.php?rest_route=\/wp\/v2\/types\/post"}],"author":[{"embeddable":true,"href":"https:\/\/zonaroja.com.mx\/index.php?rest_route=\/wp\/v2\/users\/2"}],"replies":[{"embeddable":true,"href":"https:\/\/zonaroja.com.mx\/index.php?rest_route=%2Fwp%2Fv2%2Fcomments&post=60586"}],"version-history":[{"count":1,"href":"https:\/\/zonaroja.com.mx\/index.php?rest_route=\/wp\/v2\/posts\/60586\/revisions"}],"predecessor-version":[{"id":60588,"href":"https:\/\/zonaroja.com.mx\/index.php?rest_route=\/wp\/v2\/posts\/60586\/revisions\/60588"}],"wp:featuredmedia":[{"embeddable":true,"href":"https:\/\/zonaroja.com.mx\/index.php?rest_route=\/wp\/v2\/media\/60587"}],"wp:attachment":[{"href":"https:\/\/zonaroja.com.mx\/index.php?rest_route=%2Fwp%2Fv2%2Fmedia&parent=60586"}],"wp:term":[{"taxonomy":"category","embeddable":true,"href":"https:\/\/zonaroja.com.mx\/index.php?rest_route=%2Fwp%2Fv2%2Fcategories&post=60586"},{"taxonomy":"post_tag","embeddable":true,"href":"https:\/\/zonaroja.com.mx\/index.php?rest_route=%2Fwp%2Fv2%2Ftags&post=60586"}],"curies":[{"name":"wp","href":"https:\/\/api.w.org\/{rel}","templated":true}]}}