{"id":60589,"date":"2023-10-04T16:14:00","date_gmt":"2023-10-04T21:14:00","guid":{"rendered":"http:\/\/www.zonaroja.com.mx\/?p=60589"},"modified":"2023-10-04T09:15:21","modified_gmt":"2023-10-04T14:15:21","slug":"investigan-en-el-ine-contrato-chueco-por-mil-millones-de-pesos","status":"publish","type":"post","link":"https:\/\/zonaroja.com.mx\/?p=60589","title":{"rendered":"Investigan en el INE contrato \u2018chueco\u2019 por mil millones de pesos\u00a0"},"content":{"rendered":"\n<p>Redacci\u00f3n\/Zona Roja Cdmx.<\/p>\n\n\n\n<p>Ciudad de M\u00e9xico, a 4 de octubre de 2023.- El \u00d3rgano Interno de Control (OIC) del INE inform\u00f3 a la C\u00e1mara de Diputados que se investiga en el Instituto un contrato irregular, por m\u00e1s de mil millones de pesos, para la contrataci\u00f3n del servicio de renta de veh\u00edculos de 2019 a 2022.<\/p>\n\n\n\n<p>El OIC entreg\u00f3 a los legisladores su informe de gesti\u00f3n y resultados del primer semestre del 2023 (enero-junio) -al que tuvo acceso EL FINANCIERO-, que reporta tambi\u00e9n 1,166 denuncias contra el Instituto por mala atenci\u00f3n, abusos, venta de citas, incumplimiento de funciones, entre otras quejas.<\/p>\n\n\n\n<p>Destaca que, por delitos graves, se abri\u00f3 un Procedimiento de Responsabilidad Administrativa, relacionado con la contrataci\u00f3n del servicio del servicio de arrendamiento del parque vehicular.<\/p>\n\n\n\n<p>Precisa que \u201cen cuanto al procedimiento de responsabilidad administrativa identificado como INE\/OIC\/UAJ\/DS-II\/G-001\/2023, este OIC estima que es de inter\u00e9s p\u00fablico, dada la magnitud del importe m\u00e1ximo contratado ($1,037,547,662.40), dada la repercusi\u00f3n negativa que podr\u00eda existir en la continuidad de las operaciones ordinarias de la instituci\u00f3n al colocar en condiciones de riesgo este tipo de contrataciones\u201d.<\/p>\n\n\n\n<p>\u201cY fundamentalmente porque representa un ejemplo de las malas pr\u00e1cticas que deben erradicarse en el Instituto y en cualquier instituci\u00f3n, por la existencia de actos sistem\u00e1ticos cuya ilegalidad ha sido confirmada por las autoridades judiciales y cuyos efectos se han prolongado por m\u00e1s de 4 a\u00f1os\u201d, agrega el reporte.<\/p>\n\n\n\n<p>Aclara que \u201cen tal circunstancia, una vez que ha concluido la cadena impugnativa despu\u00e9s de 4 a\u00f1os, a fin de prevenir e inhibir actos semejantes, con mayor raz\u00f3n considerando la proximidad del procedimiento de contrataci\u00f3n plurianual para cubrir las necesidades de transporte vehicular del Instituto (mediante adquisici\u00f3n o arrendamiento), se informan los hechos a que se contrae este procedimiento de responsabilidades, omitiendo los datos personales de las personas servidoras p\u00fablicas y los particulares involucrados, a fin de preservar el debido proceso\u201d.<\/p>\n\n\n\n<p>Aunque no mencionan nombres de funcionarios ni de la empresa \u201ca fin de preservar el debido proceso\u201d, la firma que presta servicios al INE es del Grupo Jet Van Car Rental.<\/p>\n\n\n\n<p>El reporte del OIC explica que en la licitaci\u00f3n p\u00fablica LP-INE-004\/2019, (Servicio Integral para Arrendar el Parque Vehicular que Requiere el INE en el Periodo 2019-2022 Partida 2), cuyo contrato fue adjudicado el 29 de marzo del 2019, \u201cindebidamente se asignaron puntos y porcentajes en la evaluaci\u00f3n t\u00e9cnica, argumentando que la licitante era mediana empresa, pese a que sus montos de facturaci\u00f3n la ubican como grande\u201d.<\/p>\n\n\n\n<p>Agrega que \u201clas autoridades del INE alteraron la metodolog\u00eda para calificar la oferta econ\u00f3mica, lo que permiti\u00f3 adjudicar nuevamente la misma empresa\u201d, despu\u00e9s de que el OIC cuestion\u00f3 el fallo de la adjudicaci\u00f3n.<\/p>\n\n\n\n<p>Por lo anterior, inform\u00f3 que \u201cel 20 de junio del 2023 se inici\u00f3 procedimiento en contra de los servidores p\u00fablico que participaron en el procedimiento de licitaci\u00f3n indebida\u201d y por \u201cel descuido administrativo institucional en un contrato que implicaba hasta mil 37 millones 547 mil pesos con una importancia operativa institucional\u201d.<\/p>\n\n\n\n<p>(Informaci\u00f3n de \u201cEl Financiero\u201d)<\/p>\n","protected":false},"excerpt":{"rendered":"<p>Redacci\u00f3n\/Zona Roja Cdmx. Ciudad de M\u00e9xico, a 4 de octubre de 2023.- El \u00d3rgano Interno&hellip;<\/p>\n","protected":false},"author":2,"featured_media":53549,"comment_status":"closed","ping_status":"open","sticky":false,"template":"","format":"standard","meta":{"_lmt_disableupdate":"","_lmt_disable":"","_jetpack_memberships_contains_paid_content":false,"footnotes":""},"categories":[109,47],"tags":[2764],"class_list":["post-60589","post","type-post","status-publish","format-standard","has-post-thumbnail","hentry","category-minuto-a-minuto","category-zona-gris","tag-instituto-nacional-electoral-ine"],"jetpack_featured_media_url":"https:\/\/zonaroja.com.mx\/wp-content\/uploads\/2023\/04\/Instituto-Nacional-Electoral-INE.webp","jetpack_sharing_enabled":true,"_links":{"self":[{"href":"https:\/\/zonaroja.com.mx\/index.php?rest_route=\/wp\/v2\/posts\/60589","targetHints":{"allow":["GET"]}}],"collection":[{"href":"https:\/\/zonaroja.com.mx\/index.php?rest_route=\/wp\/v2\/posts"}],"about":[{"href":"https:\/\/zonaroja.com.mx\/index.php?rest_route=\/wp\/v2\/types\/post"}],"author":[{"embeddable":true,"href":"https:\/\/zonaroja.com.mx\/index.php?rest_route=\/wp\/v2\/users\/2"}],"replies":[{"embeddable":true,"href":"https:\/\/zonaroja.com.mx\/index.php?rest_route=%2Fwp%2Fv2%2Fcomments&post=60589"}],"version-history":[{"count":1,"href":"https:\/\/zonaroja.com.mx\/index.php?rest_route=\/wp\/v2\/posts\/60589\/revisions"}],"predecessor-version":[{"id":60590,"href":"https:\/\/zonaroja.com.mx\/index.php?rest_route=\/wp\/v2\/posts\/60589\/revisions\/60590"}],"wp:featuredmedia":[{"embeddable":true,"href":"https:\/\/zonaroja.com.mx\/index.php?rest_route=\/wp\/v2\/media\/53549"}],"wp:attachment":[{"href":"https:\/\/zonaroja.com.mx\/index.php?rest_route=%2Fwp%2Fv2%2Fmedia&parent=60589"}],"wp:term":[{"taxonomy":"category","embeddable":true,"href":"https:\/\/zonaroja.com.mx\/index.php?rest_route=%2Fwp%2Fv2%2Fcategories&post=60589"},{"taxonomy":"post_tag","embeddable":true,"href":"https:\/\/zonaroja.com.mx\/index.php?rest_route=%2Fwp%2Fv2%2Ftags&post=60589"}],"curies":[{"name":"wp","href":"https:\/\/api.w.org\/{rel}","templated":true}]}}